{"id":174669,"date":"2018-06-19T22:03:46","date_gmt":"2018-06-19T20:03:46","guid":{"rendered":"http:\/\/www.fuldaer-nachrichten.de\/?p=174669"},"modified":"2018-06-19T22:03:46","modified_gmt":"2018-06-19T20:03:46","slug":"letzte-geschaeftsfuehrertagung-im-alten-kreis-meinolf-schaefers-kassel-und-bernd-kraemer-marburg-gehen-in-den-ruhestand","status":"publish","type":"post","link":"https:\/\/www.fuldaernachrichten.de\/?p=174669","title":{"rendered":"Letzte Gesch\u00e4ftsf\u00fchrertagung im alten Kreis \u2013 Meinolf Schaefers (Kassel) und Bernd Kr\u00e4mer (Marburg) gehen in den Ruhestand"},"content":{"rendered":"<p>Regelm\u00e4\u00dfig treffen sich die Vorstandmitglieder des Di\u00f6zesan-Caritasverbandes Fulda, die Ressortleiter sowie die Gesch\u00e4ftsf\u00fchrer der vier Regional-Caritasverb\u00e4nde im Bistum Fulda zu gemeinsamen Sitzungen, um die operative Arbeit zu besprechen und zu lenken. Die letzte Gesch\u00e4ftsf\u00fchrertagung jetzt vor der Sommerpause war zugleich eine Abschiedsrunde, denn mit Meinolf Schaefers, Caritasverband Nordhessen-Kassel, und Bernd Kr\u00e4mer, Caritasverband Marburg, gehen gleich zwei altgediente Gesch\u00e4ftsf\u00fchrer in den Ruhestand. Bernd Kr\u00e4mer, studierter Sozialp\u00e4dagoge, stand der Caritas in Marburg seit 1986 als Gesch\u00e4ftsf\u00fchrer vor. Meinolf Schaefers, Dipl. Sozialarbeiter, r\u00fcckte ebenfalls 1986 an die Spitze der Kasseler Caritas, wo er bereits seit 1977 stellvertretender Gesch\u00e4ftsf\u00fchrer war.<\/p>\n<p>&nbsp;<\/p>\n<p>Di\u00f6zesan-Caritasdirektor Dr. Markus Juch sprach den beiden Herren im Kreis der Kollegen herzlichen Dank f\u00fcr die geleistet Arbeit in diesen \u00fcber drei Jahrzehnten in der Verbandsleitung aus und w\u00fcnschte ihnen f\u00fcr den neuen Lebensabschnitt alles Gute. Vor dem Fuldaer Caritas-Haus am Dom reihte man sich dann noch zu einem Erinnerungsfoto auf: v. li. Vorstandsmitglied Malte Crome, Vorstands-Assistentin Kathrin Klewer, Ressortleiterin Altenhilfe Kristin Klinzing, Caritasdirektor Juch, Gesch\u00e4ftsf\u00fchrer Schaefers (Kassel), Gesch\u00e4ftsf\u00fchrer Kr\u00e4mer (Marburg), Gesch\u00e4ftsf\u00fchrer des Caritas-Verbandes Main-Kinzig-Kreis Robert Fl\u00f6rchinger, Ressortleiter Behindertenhilfe und Jugendhilfe Dominique Vilmin, Ressortleiter Soziale Dienste Franz Meyer, Gesch\u00e4ftsf\u00fchrer des Caritasverbandes f\u00fcr die Regionen Fulda und Geisa Christian Reuter, Vorstandsmitglied Ansgar Erb und Caritas-Aufsichtsratsvorsitzender Msgr. Elmar Gurk.<\/p>\n","protected":false},"excerpt":{"rendered":"<div class=\"tmnf_excerpt\"><p>Regelm\u00e4\u00dfig treffen sich die Vorstandmitglieder des Di\u00f6zesan-Caritasverbandes Fulda, die Ressortleiter sowie die Gesch\u00e4ftsf\u00fchrer der vier Regional-Caritasverb\u00e4nde im Bistum Fulda zu gemeinsamen Sitzungen, um die operative Arbeit zu besprechen und zu lenken. Die letzte Gesch\u00e4ftsf\u00fchrertagung jetzt vor der Sommerpause war zugleich eine Abschiedsrunde, denn mit Meinolf Schaefers, Caritasverband Nordhessen-Kassel, und Bernd Kr\u00e4mer, Caritasverband Marburg, gehen gleich &hellip;<\/p>\n<\/div>","protected":false},"author":1,"featured_media":174671,"comment_status":"closed","ping_status":"closed","sticky":false,"template":"","format":"standard","meta":{"footnotes":""},"categories":[1],"tags":[],"class_list":["post-174669","post","type-post","status-publish","format-standard","has-post-thumbnail","hentry","category-startseite"],"_links":{"self":[{"href":"https:\/\/www.fuldaernachrichten.de\/index.php?rest_route=\/wp\/v2\/posts\/174669","targetHints":{"allow":["GET"]}}],"collection":[{"href":"https:\/\/www.fuldaernachrichten.de\/index.php?rest_route=\/wp\/v2\/posts"}],"about":[{"href":"https:\/\/www.fuldaernachrichten.de\/index.php?rest_route=\/wp\/v2\/types\/post"}],"author":[{"embeddable":true,"href":"https:\/\/www.fuldaernachrichten.de\/index.php?rest_route=\/wp\/v2\/users\/1"}],"replies":[{"embeddable":true,"href":"https:\/\/www.fuldaernachrichten.de\/index.php?rest_route=%2Fwp%2Fv2%2Fcomments&post=174669"}],"version-history":[{"count":1,"href":"https:\/\/www.fuldaernachrichten.de\/index.php?rest_route=\/wp\/v2\/posts\/174669\/revisions"}],"predecessor-version":[{"id":174672,"href":"https:\/\/www.fuldaernachrichten.de\/index.php?rest_route=\/wp\/v2\/posts\/174669\/revisions\/174672"}],"wp:featuredmedia":[{"embeddable":true,"href":"https:\/\/www.fuldaernachrichten.de\/index.php?rest_route=\/wp\/v2\/media\/174671"}],"wp:attachment":[{"href":"https:\/\/www.fuldaernachrichten.de\/index.php?rest_route=%2Fwp%2Fv2%2Fmedia&parent=174669"}],"wp:term":[{"taxonomy":"category","embeddable":true,"href":"https:\/\/www.fuldaernachrichten.de\/index.php?rest_route=%2Fwp%2Fv2%2Fcategories&post=174669"},{"taxonomy":"post_tag","embeddable":true,"href":"https:\/\/www.fuldaernachrichten.de\/index.php?rest_route=%2Fwp%2Fv2%2Ftags&post=174669"}],"curies":[{"name":"wp","href":"https:\/\/api.w.org\/{rel}","templated":true}]}}