{"id":174661,"date":"2018-06-19T22:02:02","date_gmt":"2018-06-19T20:02:02","guid":{"rendered":"http:\/\/www.fuldaer-nachrichten.de\/?p=174661"},"modified":"2018-06-19T22:02:02","modified_gmt":"2018-06-19T20:02:02","slug":"aktuelle-veranstaltungen-der-volkshochschule-des-landkreises-fulda-12","status":"publish","type":"post","link":"https:\/\/www.fuldaernachrichten.de\/?p=174661","title":{"rendered":"Aktuelle Veranstaltungen der Volkshochschule des Landkreises Fulda"},"content":{"rendered":"<p>Spanisch-Intensivkurs<br \/>\nFULDA . Mit dem Schwerpunkt auf der m\u00fcndlichen Verst\u00e4ndigung vermittelt ein Spanisch-Intensivkurs der Volkshochschule des Landkreises einen angemessenen Basiswortschatz und grammatikalische Grundkenntnisse. Beginn ist am Montag, 25. Juni, um 10 Uhr im Georg-Stieler-Haus, Gallasiniring 1. Anmeldung mit Kursnummer VQ4220122 unter www.vhs-fulda.de oder telefonisch beim B\u00fcrgerservice (0661)6006-1600.<\/p>\n<p>Ferienkochkurs f\u00fcr Kinder<br \/>\nFULDA. In den Sommerferien k\u00f6nnen Kinder im Alter von 7 bis 12 Jahren lernen, leckere Gerichte zuzubereiten. Der Kochkurs der Volkshochschule des Landkreises findet vom 27. bis 29. Juni jeweils von 13.30 bis 16.30 Uhr in der K\u00fcche des Georg-Stieler-Hauses, Gallasiniring 1, statt. Anmeldung mit Kursnummer VQ3050105 unter www.vhs-fulda.de oder telefonisch beim B\u00fcrgerservice (0661)6006-1600.<\/p>\n<p>Naturseifenseminar<br \/>\nHOSENFELD. In einem Seminar der Volkshochschule des Landkreises erfahren die Teilnehmer, wie man Naturseife ohne unn\u00f6tige Chemie und Konservierungsstoffe siedet. Am Ende des Abends k\u00f6nnen sie ein selbst hergestelltes St\u00fcck Seife mit nach Hause nehmen. Der Kurs beginnt am Donnerstag, 12. Juli, um 18.30 Uhr in der Naturheilpraxis Hainzell, Am Wei\u00dfen Stein 6. Anmeldung mit Kursnummer VQ2001501 unter www.vhs-fulda.de oder telefonisch beim B\u00fcrgerservice (0661)6006-1600.<\/p>\n","protected":false},"excerpt":{"rendered":"<div class=\"tmnf_excerpt\"><p>Spanisch-Intensivkurs FULDA . Mit dem Schwerpunkt auf der m\u00fcndlichen Verst\u00e4ndigung vermittelt ein Spanisch-Intensivkurs der Volkshochschule des Landkreises einen angemessenen Basiswortschatz und grammatikalische Grundkenntnisse. Beginn ist am Montag, 25. Juni, um 10 Uhr im Georg-Stieler-Haus, Gallasiniring 1. Anmeldung mit Kursnummer VQ4220122 unter www.vhs-fulda.de oder telefonisch beim B\u00fcrgerservice (0661)6006-1600. Ferienkochkurs f\u00fcr Kinder FULDA. In den Sommerferien k\u00f6nnen &hellip;<\/p>\n<\/div>","protected":false},"author":1,"featured_media":0,"comment_status":"closed","ping_status":"closed","sticky":false,"template":"","format":"standard","meta":{"footnotes":""},"categories":[1],"tags":[],"class_list":["post-174661","post","type-post","status-publish","format-standard","hentry","category-startseite"],"_links":{"self":[{"href":"https:\/\/www.fuldaernachrichten.de\/index.php?rest_route=\/wp\/v2\/posts\/174661","targetHints":{"allow":["GET"]}}],"collection":[{"href":"https:\/\/www.fuldaernachrichten.de\/index.php?rest_route=\/wp\/v2\/posts"}],"about":[{"href":"https:\/\/www.fuldaernachrichten.de\/index.php?rest_route=\/wp\/v2\/types\/post"}],"author":[{"embeddable":true,"href":"https:\/\/www.fuldaernachrichten.de\/index.php?rest_route=\/wp\/v2\/users\/1"}],"replies":[{"embeddable":true,"href":"https:\/\/www.fuldaernachrichten.de\/index.php?rest_route=%2Fwp%2Fv2%2Fcomments&post=174661"}],"version-history":[{"count":1,"href":"https:\/\/www.fuldaernachrichten.de\/index.php?rest_route=\/wp\/v2\/posts\/174661\/revisions"}],"predecessor-version":[{"id":174662,"href":"https:\/\/www.fuldaernachrichten.de\/index.php?rest_route=\/wp\/v2\/posts\/174661\/revisions\/174662"}],"wp:attachment":[{"href":"https:\/\/www.fuldaernachrichten.de\/index.php?rest_route=%2Fwp%2Fv2%2Fmedia&parent=174661"}],"wp:term":[{"taxonomy":"category","embeddable":true,"href":"https:\/\/www.fuldaernachrichten.de\/index.php?rest_route=%2Fwp%2Fv2%2Fcategories&post=174661"},{"taxonomy":"post_tag","embeddable":true,"href":"https:\/\/www.fuldaernachrichten.de\/index.php?rest_route=%2Fwp%2Fv2%2Ftags&post=174661"}],"curies":[{"name":"wp","href":"https:\/\/api.w.org\/{rel}","templated":true}]}}