{"id":174656,"date":"2018-06-19T21:51:20","date_gmt":"2018-06-19T19:51:20","guid":{"rendered":"http:\/\/www.fuldaer-nachrichten.de\/?p=174656"},"modified":"2018-06-19T21:51:20","modified_gmt":"2018-06-19T19:51:20","slug":"schule-johannesberg-singt-sommerlicher-singnachmittag-fuer-kinder-eltern-und-grosseltern-in-der-propst-conrad-von-mengersen-schule","status":"publish","type":"post","link":"https:\/\/www.fuldaernachrichten.de\/?p=174656","title":{"rendered":"\u201eSchule Johannesberg singt\u201c Sommerlicher Singnachmittag f\u00fcr Kinder, Eltern und Gro\u00dfeltern in der Propst-Conrad-von-Mengersen-Schule"},"content":{"rendered":"<p><a href=\"http:\/\/www.fuldaer-nachrichten.de\/wp-content\/uploads\/2018\/06\/IMG_5506.jpg\"><img decoding=\"async\" class=\"alignleft size-thumbnail wp-image-174658\" src=\"http:\/\/www.fuldaer-nachrichten.de\/wp-content\/uploads\/2018\/06\/IMG_5506-265x177.jpg\" alt=\"\" width=\"265\" height=\"177\" srcset=\"https:\/\/www.fuldaernachrichten.de\/wp-content\/uploads\/2018\/06\/IMG_5506-265x177.jpg 265w, https:\/\/www.fuldaernachrichten.de\/wp-content\/uploads\/2018\/06\/IMG_5506-768x512.jpg 768w, https:\/\/www.fuldaernachrichten.de\/wp-content\/uploads\/2018\/06\/IMG_5506-600x400.jpg 600w, https:\/\/www.fuldaernachrichten.de\/wp-content\/uploads\/2018\/06\/IMG_5506.jpg 900w\" sizes=\"(max-width: 265px) 100vw, 265px\" \/><\/a>Zum bevorstehenden Abschluss des Schuljahrs 2017\/18 fanden sich Schulkinder, Geschwister, Eltern und Gro\u00dfeltern mit den Lehrerinnen der Propst-Conrad-von-Mengersen-Schule bunt gemischt zu einem sommerlichen Singnachmittag im Innenhof der Johannesberger Grundschule ein. Schuldirektorin Elisabeth H\u00e4lbig betonte in ihrer Begr\u00fc\u00dfung: \u201eSingen f\u00f6rdert Gemeinschaft und wirkt sich positiv auf die Lernbereitschaft aus. Singende Kinder sind fr\u00f6hlich und nehmen R\u00fccksicht aufeinander, so dass etwas Sch\u00f6nes daraus entstehen kann.\u201c Das Gro\u00dfereignis \u201eKlasse, wir singen\u201c im Esperanto sei nicht das Richtige f\u00fcr die Grundschule Johannesberg gewesen: \u201eWir wollten lieber etwas Eigenes mit Kindern, Eltern und Gro\u00dfeltern auf die Beine stellen.\u201c Und das konnte sich sehen lassen: Alle Grundschulkinder sangen zum Auftakt gemeinsam unter der musikalischen Leitung von Birgit Witzel. Als n\u00e4chstes folgte das Lied \u201eIf you\u00e2\u20ac\u2122re happy\u201c der 4. Klasse. Der H\u00f6hepunkt war die Auff\u00fchrung des Sommermusicals \u201eIch will so bleiben, wie ich bin\u201c, das sich am\u00fcsant-kritisch mit der Beeinflussung durch Werbung im Fernsehen auseinandersetzte. Viele solistische Einlagen lie\u00dfen hierbei Tiere auf einem Bauernhof lebendig werden. Es ging unter anderem um \u201elila K\u00fche\u201c, \u201e\u00dcberraschungseier\u201c und \u201eweiche Wolle\u201c.<\/p>\n<p>Doch nicht nur die Kinder brachten die sch\u00f6nsten St\u00fccke aus ihrem perfekt einstudierten Repertoire zu Geh\u00f6r, sondern auch die \u201eGro\u00dfen\u201c mussten ran. Zun\u00e4chst sangen Jung und Alt gemeinsam den Kanon \u201eHasenbraten\u201c. Nach dem \u201eTrommelk\u00f6nig von Kalimbo\u201c der 3. Klasse wurden gemeinsam die sch\u00f6nsten Heimatlieder aus der Rh\u00f6n gesungen: \u201eZieh an die Wanderschuh\u00e2\u20ac\u02dc\u201c, \u201eMein Vater war ein Wandersmann\u201c und das Kreuzberglied. Den Abschluss bildete \u2013 passend zur beginnenden Fu\u00dfballweltmeisterschaft \u2013 ein Fu\u00dfballlied. Zus\u00e4tzlich zu den Vorf\u00fchrungen wurden noch die flei\u00dfigsten Leser unter den M\u00e4dchen und Jungen der Klassen 1 bis 4 ausgezeichnet, die Preistr\u00e4ger des K\u00e4nguru-Mathematikwettbewerbs aus Klassen 3 und 4 geehrt und die auf dem F\u00fcrstlichen Gartenfest in Adolphseck pr\u00e4mierten Blumenskulpturen vorgestellt. F\u00fcrs leibliche Wohl der \u00fcber 250 kleinen und gro\u00dfen G\u00e4ste sorgte der Elternbeirat mit Kaltgetr\u00e4nken und Brezeln sowie Kaffee und Kuchen.<\/p>\n","protected":false},"excerpt":{"rendered":"<div class=\"tmnf_excerpt\"><p>Zum bevorstehenden Abschluss des Schuljahrs 2017\/18 fanden sich Schulkinder, Geschwister, Eltern und Gro\u00dfeltern mit den Lehrerinnen der Propst-Conrad-von-Mengersen-Schule bunt gemischt zu einem sommerlichen Singnachmittag im Innenhof der Johannesberger Grundschule ein. Schuldirektorin Elisabeth H\u00e4lbig betonte in ihrer Begr\u00fc\u00dfung: \u201eSingen f\u00f6rdert Gemeinschaft und wirkt sich positiv auf die Lernbereitschaft aus. Singende Kinder sind fr\u00f6hlich und nehmen R\u00fccksicht &hellip;<\/p>\n<\/div>","protected":false},"author":1,"featured_media":174657,"comment_status":"closed","ping_status":"closed","sticky":false,"template":"","format":"standard","meta":{"footnotes":""},"categories":[1],"tags":[],"class_list":["post-174656","post","type-post","status-publish","format-standard","has-post-thumbnail","hentry","category-startseite"],"_links":{"self":[{"href":"https:\/\/www.fuldaernachrichten.de\/index.php?rest_route=\/wp\/v2\/posts\/174656","targetHints":{"allow":["GET"]}}],"collection":[{"href":"https:\/\/www.fuldaernachrichten.de\/index.php?rest_route=\/wp\/v2\/posts"}],"about":[{"href":"https:\/\/www.fuldaernachrichten.de\/index.php?rest_route=\/wp\/v2\/types\/post"}],"author":[{"embeddable":true,"href":"https:\/\/www.fuldaernachrichten.de\/index.php?rest_route=\/wp\/v2\/users\/1"}],"replies":[{"embeddable":true,"href":"https:\/\/www.fuldaernachrichten.de\/index.php?rest_route=%2Fwp%2Fv2%2Fcomments&post=174656"}],"version-history":[{"count":1,"href":"https:\/\/www.fuldaernachrichten.de\/index.php?rest_route=\/wp\/v2\/posts\/174656\/revisions"}],"predecessor-version":[{"id":174659,"href":"https:\/\/www.fuldaernachrichten.de\/index.php?rest_route=\/wp\/v2\/posts\/174656\/revisions\/174659"}],"wp:featuredmedia":[{"embeddable":true,"href":"https:\/\/www.fuldaernachrichten.de\/index.php?rest_route=\/wp\/v2\/media\/174657"}],"wp:attachment":[{"href":"https:\/\/www.fuldaernachrichten.de\/index.php?rest_route=%2Fwp%2Fv2%2Fmedia&parent=174656"}],"wp:term":[{"taxonomy":"category","embeddable":true,"href":"https:\/\/www.fuldaernachrichten.de\/index.php?rest_route=%2Fwp%2Fv2%2Fcategories&post=174656"},{"taxonomy":"post_tag","embeddable":true,"href":"https:\/\/www.fuldaernachrichten.de\/index.php?rest_route=%2Fwp%2Fv2%2Ftags&post=174656"}],"curies":[{"name":"wp","href":"https:\/\/api.w.org\/{rel}","templated":true}]}}