{"id":174640,"date":"2018-06-19T21:47:53","date_gmt":"2018-06-19T19:47:53","guid":{"rendered":"http:\/\/www.fuldaer-nachrichten.de\/?p=174640"},"modified":"2018-06-19T21:47:53","modified_gmt":"2018-06-19T19:47:53","slug":"die-mittagspause-mit-musik-literatur-und-kulinarische-koestlichkeiten-erleben","status":"publish","type":"post","link":"https:\/\/www.fuldaernachrichten.de\/?p=174640","title":{"rendered":"Die Mittagspause mit Musik, Literatur und kulinarische K\u00f6stlichkeiten erleben"},"content":{"rendered":"<p><a href=\"http:\/\/www.fuldaer-nachrichten.de\/wp-content\/uploads\/2018\/06\/PHG_Antonius-LadenCafe.jpg\"><img decoding=\"async\" class=\"alignleft size-thumbnail wp-image-174644\" src=\"http:\/\/www.fuldaer-nachrichten.de\/wp-content\/uploads\/2018\/06\/PHG_Antonius-LadenCafe-265x177.jpg\" alt=\"\" width=\"265\" height=\"177\" srcset=\"https:\/\/www.fuldaernachrichten.de\/wp-content\/uploads\/2018\/06\/PHG_Antonius-LadenCafe-265x177.jpg 265w, https:\/\/www.fuldaernachrichten.de\/wp-content\/uploads\/2018\/06\/PHG_Antonius-LadenCafe-768x512.jpg 768w, https:\/\/www.fuldaernachrichten.de\/wp-content\/uploads\/2018\/06\/PHG_Antonius-LadenCafe-600x400.jpg 600w, https:\/\/www.fuldaernachrichten.de\/wp-content\/uploads\/2018\/06\/PHG_Antonius-LadenCafe.jpg 900w\" sizes=\"(max-width: 265px) 100vw, 265px\" \/><\/a>\u201eDie kleinen H\u00f6fe in der Stadt sind Oasen und R\u00fcckzugsorte vom hektischen Stadtleben. Die Fl\u00e4chen hinter den H\u00e4usern haben oft viel Potenzial und werden zunehmend als Lebensraum entdeckt. Mit der Veranstaltungsreihe \u201ePausen, H\u00f6fe und Gen\u00fcsse\u201c k\u00f6nnen in den Sommermonaten wieder die gem\u00fctlichen Hinterh\u00f6fe und versteckten Anwesen der historischen Innenstadt entdeckt werden\u201c, berichtet Dominik H\u00f6hl vom Amt f\u00fcr Stadtmarketing. An ausgew\u00e4hlten Terminen jeweils zwischen 12.00 und 14.00 Uhr und zu unterschiedlichen Themenschwerpunkten wie Musik, Literatur, Kunst oder Kulinarik lassen sich so in einer Pause vom Stadtbummel oder dem Arbeitstag versteckte Schmuckst\u00fccke der Stadt entspannt entdecken. Der Eintritt zu den Veranstaltungen ist frei.\u00e2\u20ac\u00a8\u00e2\u20ac\u00a8Dienstag, 19. Juni im Hotel zum Ritter (Kanalstra\u00dfe 18)\u00e2\u20ac\u00a8\u201eRittergarten: Kulinarik, Musik und runde Kugeln\u201c\u00e2\u20ac\u00a8Vinum und Ritter laden zu leckerem Essen, gutem Wein und sch\u00f6ner Musik in den atmosph\u00e4rischen Rittergarten ein. Mit viel Schwung und guter Laune sorgen Sunny Vibes mit Wolfgang Harling (Keyboard) und Pia Sauer (Saxofon\/Gesang) f\u00fcr sonnige Stimmung. Zu Swing- und Latin-Melodien kann die Mittagspause bei einer Runde Boule in vollen Z\u00fcgen genossen werden. Dabei versuchen die Spieler, ihre Kugeln m\u00f6glichst nahe an eine kleinere Zielkugel heranzuwerfen oder -zurollen \u2013 nichts passt besser zu einem sch\u00f6nen Sommertag mit einem kulinarischen Snack und einer guten Unterhaltung.\u00e2\u20ac\u00a8\u00e2\u20ac\u00a8\u00e2\u20ac\u00a8Dienstag, 3. Juli in der Kunstschmiede Bernhardt (Schlachthausgasse 11)\u00e2\u20ac\u00a8\u201eZaubergarten: Heimatliche Gl\u00fccksmomente\u201c\u00e2\u20ac\u00a8Mitten in Fulda, direkt an der historischen und denkmalgesch\u00fctzten Stadtmauer, liegt der Garten der Familie und Kunstschmiede Bernhardt. Das versteckte und charmante Anwesen dient zugleich als Freiraum, R\u00fcckzugsort und Pr\u00e4sentationsfl\u00e4che f\u00fcr Ausstellungsst\u00fccke der Schmiede und der dazugeh\u00f6rigen Galerie \u201eKunst im Kutscherhaus\u201c. Hier kann man sich, abseits des Trubels der Stadt, vom nostalgischen Ambiente verzaubern lassen, einem Schmied \u00fcber die Schulter schauen und eintauchen in eine scheinbar l\u00e4ngst vergessene Gartenkultur. Die stilvolle Kombination von Gartenkunst und Kunsthandwerk entwickelt so eine besondere Faszination und l\u00e4dt zum Entspannen ein. Diesen Gl\u00fccksmoment kann jeder bei einem von stilvollen akustischen Kl\u00e4ngen begleiteten Mittagsimbiss der Caf\u00e9-Bar heimat. genie\u00dfen. Als Dankesch\u00f6n und kleine Erinnerung gibt es f\u00fcr jeden Gast ein kleines Hufeisen.\u00e2\u20ac\u00a8\u00e2\u20ac\u00a8\u00e2\u20ac\u00a8Dienstag, 17. Juli in der Abtei zur Hl. Maria (Nonnengasse 16)\u00e2\u20ac\u00a8\u201eKlostergarten: Kr\u00e4uterfachwissen und Klostergeheimnisse\u201c\u00e2\u20ac\u00a8\u201eNirgendwo ist man dem Herzen Gottes so nahe wie in einem Garten\u201c. Unter diesem Motto laden die Benediktinerinnen zu Begegnung, Gespr\u00e4ch und Stille in ihren Garten ein. Allerlei Kr\u00e4uterfachwissen und Klostergeheimnisse sowie ein kleiner kulinarischer Mittagssnack warten auf Sie.<\/p>\n<p><a href=\"http:\/\/www.fuldaer-nachrichten.de\/wp-content\/uploads\/2018\/06\/PHG_Klostergarten1.jpg\"><img decoding=\"async\" class=\"alignleft size-thumbnail wp-image-174646\" src=\"http:\/\/www.fuldaer-nachrichten.de\/wp-content\/uploads\/2018\/06\/PHG_Klostergarten1-265x176.jpg\" alt=\"\" width=\"265\" height=\"176\" srcset=\"https:\/\/www.fuldaernachrichten.de\/wp-content\/uploads\/2018\/06\/PHG_Klostergarten1-265x176.jpg 265w, https:\/\/www.fuldaernachrichten.de\/wp-content\/uploads\/2018\/06\/PHG_Klostergarten1-768x510.jpg 768w, https:\/\/www.fuldaernachrichten.de\/wp-content\/uploads\/2018\/06\/PHG_Klostergarten1-600x399.jpg 600w, https:\/\/www.fuldaernachrichten.de\/wp-content\/uploads\/2018\/06\/PHG_Klostergarten1.jpg 900w\" sizes=\"(max-width: 265px) 100vw, 265px\" \/><\/a>Dienstag, 31. Juli in der R\u00f6sterei Kaffeekultur (L\u00f6herstra\u00dfe 22)\u00e2\u20ac\u00a8\u201eSinnenschmeichler: Entspannte Kl\u00e4nge und Kaffeekulturen\u201c\u00e2\u20ac\u00a8Keine Frage: Musik und Kaffee setzen Energien frei, heben die Stimmung und lassen Sorgen und Stress vergessen. Musik steigert die physische und mentale Leistungsf\u00e4higkeit. Die Wirkung von Musik kann ablenken oder auf eine bevorstehende Situation vorbereiten. Die Kombination von Musik und einem perfekten Kaffee belebt Geist und K\u00f6rper. Marleen recordstore und die R\u00f6sterei Kaffeekultur verw\u00f6hnen im Hinterhof der L\u00f6herstra\u00dfe mit entspannenden Kl\u00e4ngen und kaffeekulturellen Gaumenschmeichlern alle unsere Sinne.\u00e2\u20ac\u00a8\u00e2\u20ac\u00a8\u00e2\u20ac\u00a8Dienstag, 14. August im Antonius LadenCaf\u00e9 (Severiberg 1)\u00e2\u20ac\u00a8\u201eFeuer &amp; Flamme: Lauschen und Genie\u00dfen im Hinterhof\u201c\u00e2\u20ac\u00a8Mitten im alten Handwerkerviertel Fuldas gelegen, befindet sich das antonius LadenCaf\u00e9. Beim Anblick des liebevoll gestalteten Hinterhofs und der herzlichen Begr\u00fc\u00dfung ist jeder gleich Feuer und Flamme. Bei einem leckeren Mittagssnack aus dem Feuerofen in antonius Bio-Qualit\u00e4t pr\u00e4sentiert Autor Tim Fr\u00fchling kleine Geschichten aus seinem Buch \u201e111 Orte in Osthessen und in der Rh\u00f6n, die man gesehen haben muss\u201c. Tim Fr\u00fchling hat 1994 direkt nach dem Abitur als Moderator beim Lokalradio angefangen. Mittlerweile arbeitet er seit fast zwanzig Jahren beim Hessischen Rundfunk f\u00fcr verschiedene Radiowellen und als Wetterpr\u00e4sentator im hr\u00e2\u20ac\u2018Fernsehen und in der ARD.\u00e2\u20ac\u00a8\u00e2\u20ac\u00a8\u00e2\u20ac\u00a8Dienstag, 28. August Hinterhof der Reinholz Kaffeer\u00f6sterei (Florengasse 10)\u00e2\u20ac\u00a8\u201eGenuss-Oase: Roots Reggae meets Kaffee BBQ\u201c\u00e2\u20ac\u00a8F\u00fcr Heiko Reinholz ist Kaffee Beruf, Hobby und Lebensmittelpunkt in einem. Neben Kaffee geh\u00f6ren coole Reggae-Tunes bei Reinholz zum guten Ton \u2013 so auch in der Mittagspause. Dazu serviert das Team leckerere Kleinigkeiten vom offenem Feuer (Ofyr Grill) wie die Kaffeebratwurst, einen kleinen Burger mit Espresso-Ketchup oder einen vegetarischen Enchilada mit einer Cappuccino-Creme.<\/p>\n<p>Weitere Informationen beim Tourismus und Kongressmanagement Fulda unter \u00e2\u20ac\u00a80661-102-1814; tourismus@fulda.de; www.tourismus-fulda.de<\/p>\n","protected":false},"excerpt":{"rendered":"<div class=\"tmnf_excerpt\"><p>\u201eDie kleinen H\u00f6fe in der Stadt sind Oasen und R\u00fcckzugsorte vom hektischen Stadtleben. Die Fl\u00e4chen hinter den H\u00e4usern haben oft viel Potenzial und werden zunehmend als Lebensraum entdeckt. Mit der Veranstaltungsreihe \u201ePausen, H\u00f6fe und Gen\u00fcsse\u201c k\u00f6nnen in den Sommermonaten wieder die gem\u00fctlichen Hinterh\u00f6fe und versteckten Anwesen der historischen Innenstadt entdeckt werden\u201c, berichtet Dominik H\u00f6hl vom &hellip;<\/p>\n<\/div>","protected":false},"author":1,"featured_media":174645,"comment_status":"closed","ping_status":"closed","sticky":false,"template":"","format":"standard","meta":{"footnotes":""},"categories":[1],"tags":[],"class_list":["post-174640","post","type-post","status-publish","format-standard","has-post-thumbnail","hentry","category-startseite"],"_links":{"self":[{"href":"https:\/\/www.fuldaernachrichten.de\/index.php?rest_route=\/wp\/v2\/posts\/174640","targetHints":{"allow":["GET"]}}],"collection":[{"href":"https:\/\/www.fuldaernachrichten.de\/index.php?rest_route=\/wp\/v2\/posts"}],"about":[{"href":"https:\/\/www.fuldaernachrichten.de\/index.php?rest_route=\/wp\/v2\/types\/post"}],"author":[{"embeddable":true,"href":"https:\/\/www.fuldaernachrichten.de\/index.php?rest_route=\/wp\/v2\/users\/1"}],"replies":[{"embeddable":true,"href":"https:\/\/www.fuldaernachrichten.de\/index.php?rest_route=%2Fwp%2Fv2%2Fcomments&post=174640"}],"version-history":[{"count":1,"href":"https:\/\/www.fuldaernachrichten.de\/index.php?rest_route=\/wp\/v2\/posts\/174640\/revisions"}],"predecessor-version":[{"id":174647,"href":"https:\/\/www.fuldaernachrichten.de\/index.php?rest_route=\/wp\/v2\/posts\/174640\/revisions\/174647"}],"wp:featuredmedia":[{"embeddable":true,"href":"https:\/\/www.fuldaernachrichten.de\/index.php?rest_route=\/wp\/v2\/media\/174645"}],"wp:attachment":[{"href":"https:\/\/www.fuldaernachrichten.de\/index.php?rest_route=%2Fwp%2Fv2%2Fmedia&parent=174640"}],"wp:term":[{"taxonomy":"category","embeddable":true,"href":"https:\/\/www.fuldaernachrichten.de\/index.php?rest_route=%2Fwp%2Fv2%2Fcategories&post=174640"},{"taxonomy":"post_tag","embeddable":true,"href":"https:\/\/www.fuldaernachrichten.de\/index.php?rest_route=%2Fwp%2Fv2%2Ftags&post=174640"}],"curies":[{"name":"wp","href":"https:\/\/api.w.org\/{rel}","templated":true}]}}