{"id":174635,"date":"2018-06-19T21:49:07","date_gmt":"2018-06-19T19:49:07","guid":{"rendered":"http:\/\/www.fuldaer-nachrichten.de\/?p=174635"},"modified":"2018-06-19T21:49:07","modified_gmt":"2018-06-19T19:49:07","slug":"landtagskandidat-thomas-hering-im-gespraech-mit-vorstand-des-klinikums-fulda","status":"publish","type":"post","link":"https:\/\/www.fuldaernachrichten.de\/?p=174635","title":{"rendered":"Landtagskandidat Thomas Hering im Gespr\u00e4ch mit Vorstand des Klinikums Fulda"},"content":{"rendered":"<p>Sehr kurzweilig verlief ein erstes Informationsgespr\u00e4ch des CDU-Landtagskandidaten Thomas Hering mit dem Vorstand des Klinikums Fulda, PD Dr. Thomas Menzel und Andr\u00e9 Eydt. Die Gastgeber berichteten von den aktuellen Entwicklungen im Klinikum und skizierten die strategischen Ziele f\u00fcr das Haus der Maximalversorgung in Osthessen.<\/p>\n<p>\u201eWir geh\u00f6ren den B\u00fcrgerinnen und B\u00fcrgern\u201c betonte Vorstandssprecher Dr. Menzel, das begr\u00fcndet f\u00fcr uns den besonderen Auftrag als kommunales Krankenhaus. In dieser Rolle sieht Thomas Hering auch die Politik, die keinem Selbstzweck dienen d\u00fcrfe, sondern das Bestm\u00f6gliche f\u00fcr die Menschen der Region erreichen m\u00fcsse. Das Klinikum Fulda stehe schon seit vielen Jahren f\u00fcr die beste und wohnortnahe medizinische Versorgung. Aber auch als gr\u00f6\u00dfter Arbeitgeber der Region mit ca. 3.000 Besch\u00e4ftigten und als wirtschaftliches Schwergewicht mit einem j\u00e4hrlichen Umsatzvolumen von 250 Mio spielt das Klinikum in der Region eine wichtige Rolle.<\/p>\n<p>Das Klinikum Fulda unterst\u00fctzt mit seinen Professoren im Rahmen des \u201eUniprojekts\u201c gemeinsam mit der Universit\u00e4tsmedizin Marburg aktiv die Ausbildung von Medizinstudenten und tut damit etwas gegen den \u00c4rztemangel. \u201eWir k\u00f6nnen uns auch durchaus vorstellen, die Kapazit\u00e4ten in Fulda weiter auszubauen.\u201c so Andr\u00e9 Eydt.<\/p>\n<p>Aber auch in der beruflichen Ausbildung ist das Klinikum aktiv. Die gro\u00dfe Zahl von nahezu 300 Auszubildenden belege den hohen Stellenwert der beruflichen Bildung, denn auch diese Fachkr\u00e4fte werden am Klinikum gesucht. Schlie\u00dflich gilt es nicht nur f\u00fcr die Pflege auszubilden, sondern auch in den Bereichen Informatik, Logistik sowie in vielen technischen oder handwerklichen Berufen, vom Elektriker bis zum Koch.<\/p>\n<p>Neben den vielen hochqualifizierten Menschen, die im Klinikum arbeiten, gelte es auch die die Infrastruktur des Hauses st\u00e4ndig zu modernisieren und zu verbessern. Ein gutes Beispiel sei der aktuelle Neubau des Notfall-, OP- und Intensiv-Zentrums, der Ende des Jahre fertiggestellt sei wird: Der liegt nicht nur voll im Zeitplan sondern auch im Kostenplan. Die veranschlagten ca. 70 Mio EUR werden eingehalten. Neben Landesmitteln in H\u00f6he von 54 Mio. Euro tragen das Klinikum und die Stadt Fulda die \u00fcbrigen 16 Mio. Euro.<\/p>\n<p>Auf Herings Frage nach Zusammenarbeit mit weiteren Krankenh\u00e4usern verweisen die Vorst\u00e4nde auf die bereits bestehen engen Kooperationen. Das Klinikum Fulda sei beispielsweise als koordinierendes Haus des Onkologischen Zentrums Osthessen, bei der Diagnostik und Therapie von Schlaganf\u00e4llen, von Rheumaerkrankungen und in der Versorgung von Schwerstverletzten das Zentrum eines regionalen Netzwerkes der Krankenh\u00e4user und der niedergelassen \u00c4rztinnen und \u00c4rzte der Region.<\/p>\n<p>eitere Projekte seien in der Planung<br \/>\nAuch das Anliegen eines augenfach\u00e4rztlichen Notdienstes brachte Hering vor, welches die Region sehr bewege. Im Klinikum gebe es konkrete \u00dcberlegungen wie die Situation verbessert werden k\u00f6nne, sagte Andr\u00e9 Eydt.<\/p>\n<p>Nach gut einst\u00fcndigem Gespr\u00e4ch war den Teilnehmern die Bedeutung regelm\u00e4\u00dfiger Treffen zwischen Krankenhaus und Politik klar. Denn die politischen Vorgaben f\u00fcr die Finanzierung \u2013 auf Landesebene f\u00fcr Investitionen, auf Bundesebene f\u00fcr den laufenden Krankenhausbetrieb \u2013 sind von gro\u00dfer Bedeutung f\u00fcr die Krankenh\u00e4user. Hier sei noch \u00dcberzeugungsarbeit zu leisten, betonte Menzel. Insgesamt komme das Klinikum derzeit ganz gut zurecht. Dies zeige sich in den vielen angesprochenen Details zur Fortentwicklung des Klinikums als wichtiger Arbeitgeber, Wirtschaftsfaktor und vor allem Maximalversorger.<br \/>\nThomas Hering plant bereits weitere Besuche bei Hilfsorganisationen, Medizinern und den Krankenh\u00e4usern unserer Region.<\/p>\n","protected":false},"excerpt":{"rendered":"<div class=\"tmnf_excerpt\"><p>Sehr kurzweilig verlief ein erstes Informationsgespr\u00e4ch des CDU-Landtagskandidaten Thomas Hering mit dem Vorstand des Klinikums Fulda, PD Dr. Thomas Menzel und Andr\u00e9 Eydt. Die Gastgeber berichteten von den aktuellen Entwicklungen im Klinikum und skizierten die strategischen Ziele f\u00fcr das Haus der Maximalversorgung in Osthessen. \u201eWir geh\u00f6ren den B\u00fcrgerinnen und B\u00fcrgern\u201c betonte Vorstandssprecher Dr. Menzel, das &hellip;<\/p>\n<\/div>","protected":false},"author":1,"featured_media":174650,"comment_status":"closed","ping_status":"closed","sticky":false,"template":"","format":"standard","meta":{"footnotes":""},"categories":[1],"tags":[],"class_list":["post-174635","post","type-post","status-publish","format-standard","has-post-thumbnail","hentry","category-startseite"],"_links":{"self":[{"href":"https:\/\/www.fuldaernachrichten.de\/index.php?rest_route=\/wp\/v2\/posts\/174635","targetHints":{"allow":["GET"]}}],"collection":[{"href":"https:\/\/www.fuldaernachrichten.de\/index.php?rest_route=\/wp\/v2\/posts"}],"about":[{"href":"https:\/\/www.fuldaernachrichten.de\/index.php?rest_route=\/wp\/v2\/types\/post"}],"author":[{"embeddable":true,"href":"https:\/\/www.fuldaernachrichten.de\/index.php?rest_route=\/wp\/v2\/users\/1"}],"replies":[{"embeddable":true,"href":"https:\/\/www.fuldaernachrichten.de\/index.php?rest_route=%2Fwp%2Fv2%2Fcomments&post=174635"}],"version-history":[{"count":1,"href":"https:\/\/www.fuldaernachrichten.de\/index.php?rest_route=\/wp\/v2\/posts\/174635\/revisions"}],"predecessor-version":[{"id":174651,"href":"https:\/\/www.fuldaernachrichten.de\/index.php?rest_route=\/wp\/v2\/posts\/174635\/revisions\/174651"}],"wp:featuredmedia":[{"embeddable":true,"href":"https:\/\/www.fuldaernachrichten.de\/index.php?rest_route=\/wp\/v2\/media\/174650"}],"wp:attachment":[{"href":"https:\/\/www.fuldaernachrichten.de\/index.php?rest_route=%2Fwp%2Fv2%2Fmedia&parent=174635"}],"wp:term":[{"taxonomy":"category","embeddable":true,"href":"https:\/\/www.fuldaernachrichten.de\/index.php?rest_route=%2Fwp%2Fv2%2Fcategories&post=174635"},{"taxonomy":"post_tag","embeddable":true,"href":"https:\/\/www.fuldaernachrichten.de\/index.php?rest_route=%2Fwp%2Fv2%2Ftags&post=174635"}],"curies":[{"name":"wp","href":"https:\/\/api.w.org\/{rel}","templated":true}]}}