{"id":174625,"date":"2018-06-16T13:44:40","date_gmt":"2018-06-16T11:44:40","guid":{"rendered":"http:\/\/www.fuldaer-nachrichten.de\/?p=174625"},"modified":"2018-06-16T13:44:40","modified_gmt":"2018-06-16T11:44:40","slug":"verbandsspitze-und-autorenteam-praesentierten-gemeinsam-broschuere-qm-bericht-umfasst-alle-relevanten-arbeitsfelder-des-dioezesan-caritasverbandes","status":"publish","type":"post","link":"https:\/\/www.fuldaernachrichten.de\/?p=174625","title":{"rendered":"Verbandsspitze und Autorenteam pr\u00e4sentierten gemeinsam Brosch\u00fcre \u2013 QM-Bericht umfasst alle relevanten Arbeitsfelder des Di\u00f6zesan-Caritasverbandes"},"content":{"rendered":"<p>\u201eMit den j\u00e4hrlichen QM-Berichten unseres Verbandes legen wir Zeugnis \u00fcber unsere Arbeit ab und wollen aufzeigen, dass die Caritas im Bistum Fulda seit Jahren\u00c2\u00a0 eine gleichbleibend hohe Qualit\u00e4t bei ihren Hilfsangeboten und Diensten f\u00fcr Menschen mit Unterst\u00fctzungsbedarf bietet\u201c, unterstrich Di\u00f6zesan-Caritasdirektor Dr. Markus Juch bei der Pr\u00e4sentation des Qualit\u00e4tsmanagementberichtes 2017. Gemeinsam mit dem Aufsichtsratsvorsitzenden der Caritas, Msgr. Elmar Gurk, sowie einigen der Autoren, die an der inhaltlichen Zusammenstellung des Qualit\u00e4tsberichts ihren Anteil hatten, nahm Juch die ersten Druckexemplare in Augenschein und zeigte sich sehr zufrieden: \u201eDer Bericht zeigt, dass die Bereiche Altenhilfe, Behindertenhilfe und Jugendhilfe jeweils bezogen auf ihre spezielle rechtliche Rahmensituation geeignete Verfahren anwenden, um vereinbarte Standards sicherzustellen und Fehlerquellen fr\u00fchzeitig aufzudecken. Die hervorragenden Ergebnisse aller durchgef\u00fchrten Pr\u00fcfungen im Jahr 2017 sprechen da wieder eine klare Sprache!\u201c<\/p>\n<p>&nbsp;<\/p>\n<p>Der QM-Bericht beinhaltet auch einen eigenen Abschnitt zum Thema \u201ePr\u00e4vention sexueller Gewalt\u201c \u2013 ein Thema, dem Bistum und Caritas Fulda seit geraumer Zeit ganz besonderes Augenmerk widmen. Interessierte k\u00f6nnen den Bericht kostenlos und unverbindlich per Mail anfordern beim Pressereferat des Caritasverbandes f\u00fcr die Di\u00f6zese Fulda,<a href=\"mailto:oeffentlichkeitsarbeit@caritas-fulda.de\">oeffentlichkeitsarbeit@caritas-fulda.de<\/a>. Au\u00dferdem wird der Bericht unter <a href=\"http:\/\/www.caritas-fulda.de\/\">www.caritas-fulda.de<\/a> zum Herunterladen bereit gestellt (einfach unter \u201eAktuelles\u201c den Men\u00fcpunkt \u201eDownloadcenter\u201c aufrufen).<\/p>\n","protected":false},"excerpt":{"rendered":"<div class=\"tmnf_excerpt\"><p>\u201eMit den j\u00e4hrlichen QM-Berichten unseres Verbandes legen wir Zeugnis \u00fcber unsere Arbeit ab und wollen aufzeigen, dass die Caritas im Bistum Fulda seit Jahren\u00c2\u00a0 eine gleichbleibend hohe Qualit\u00e4t bei ihren Hilfsangeboten und Diensten f\u00fcr Menschen mit Unterst\u00fctzungsbedarf bietet\u201c, unterstrich Di\u00f6zesan-Caritasdirektor Dr. Markus Juch bei der Pr\u00e4sentation des Qualit\u00e4tsmanagementberichtes 2017. Gemeinsam mit dem Aufsichtsratsvorsitzenden der Caritas, &hellip;<\/p>\n<\/div>","protected":false},"author":1,"featured_media":174628,"comment_status":"closed","ping_status":"closed","sticky":false,"template":"","format":"standard","meta":{"footnotes":""},"categories":[1],"tags":[],"class_list":["post-174625","post","type-post","status-publish","format-standard","has-post-thumbnail","hentry","category-startseite"],"_links":{"self":[{"href":"https:\/\/www.fuldaernachrichten.de\/index.php?rest_route=\/wp\/v2\/posts\/174625","targetHints":{"allow":["GET"]}}],"collection":[{"href":"https:\/\/www.fuldaernachrichten.de\/index.php?rest_route=\/wp\/v2\/posts"}],"about":[{"href":"https:\/\/www.fuldaernachrichten.de\/index.php?rest_route=\/wp\/v2\/types\/post"}],"author":[{"embeddable":true,"href":"https:\/\/www.fuldaernachrichten.de\/index.php?rest_route=\/wp\/v2\/users\/1"}],"replies":[{"embeddable":true,"href":"https:\/\/www.fuldaernachrichten.de\/index.php?rest_route=%2Fwp%2Fv2%2Fcomments&post=174625"}],"version-history":[{"count":1,"href":"https:\/\/www.fuldaernachrichten.de\/index.php?rest_route=\/wp\/v2\/posts\/174625\/revisions"}],"predecessor-version":[{"id":174629,"href":"https:\/\/www.fuldaernachrichten.de\/index.php?rest_route=\/wp\/v2\/posts\/174625\/revisions\/174629"}],"wp:featuredmedia":[{"embeddable":true,"href":"https:\/\/www.fuldaernachrichten.de\/index.php?rest_route=\/wp\/v2\/media\/174628"}],"wp:attachment":[{"href":"https:\/\/www.fuldaernachrichten.de\/index.php?rest_route=%2Fwp%2Fv2%2Fmedia&parent=174625"}],"wp:term":[{"taxonomy":"category","embeddable":true,"href":"https:\/\/www.fuldaernachrichten.de\/index.php?rest_route=%2Fwp%2Fv2%2Fcategories&post=174625"},{"taxonomy":"post_tag","embeddable":true,"href":"https:\/\/www.fuldaernachrichten.de\/index.php?rest_route=%2Fwp%2Fv2%2Ftags&post=174625"}],"curies":[{"name":"wp","href":"https:\/\/api.w.org\/{rel}","templated":true}]}}