{"id":174623,"date":"2018-06-16T13:44:19","date_gmt":"2018-06-16T11:44:19","guid":{"rendered":"http:\/\/www.fuldaer-nachrichten.de\/?p=174623"},"modified":"2018-06-16T13:44:19","modified_gmt":"2018-06-16T11:44:19","slug":"zweigstellenleiter-der-vhs-des-landkreises-fulda-sabine-happ-aus-ebersburg","status":"publish","type":"post","link":"https:\/\/www.fuldaernachrichten.de\/?p=174623","title":{"rendered":"Zweigstellenleiter der vhs des Landkreises Fulda: Sabine Happ aus Ebersburg"},"content":{"rendered":"<p>Sabine Happ ist in Ebersburg nicht nur privat gut vernetzt. Die 44-J\u00e4hrige arbeitet vielmehr an einem wichtigen Knotenpunkt des Gemeindenetzwerks: im Sekretariat der B\u00fcrgermeisterin. Beste Voraussetzungen also, als Leiterin der vhs-Zweigstelle des Landkreises Fulda stets mit den Menschen in Kontakt zu sein.<\/p>\n<p>\u201eMeine langj\u00e4hrige Vorg\u00e4ngerin, Birgit Leeder, hat mich auf die Idee gebracht, mich f\u00fcr die Zweigstellenleitung zu bewerben\u201c, erz\u00e4hlt Sabine Happ. Sie bekam den Zuschlag, absolvierte in der Fuldaer vhs-Zentrale einen Einf\u00fchrungskurs und k\u00fcmmert sich nun seit Januar 2017 um das vhs-Angebot in Ebersburg. Dabei hat die Schmalnauerin ein besonderes Ziel: \u201eHier gibt es einige Kurse, die seit Jahren wahre Selbstl\u00e4ufer sind \u2013 zum Beispiel die Seniorengymnastik. Ich m\u00f6chte dar\u00fcber hinaus aber auch ein bisschen frischen Wind reinbringen\u201c, erkl\u00e4rt sie und f\u00fcgt an: \u201eGerade f\u00fcr Kinder und Jugendliche will ich gerne noch mehr Angebote machen.\u201c Dabei scheinen ihre Erfahrungen als jahrelanges Vorstandsmitglied des Kindervereins \u201eGidsKids\u201c sowie als Mutter einer elfj\u00e4hrigen Tochter und die Kooperation der Volkshochschule mit dem Familienzentrum Ebersburg bereits Fr\u00fcchte zu tragen: \u201eWir hatten zum Beispiel einen N\u00e4hkurs f\u00fcr Kinder, der war ruckzuck ausgebucht, oder einen Tanzkurs f\u00fcr Jugendliche, der sehr gut ankam\u201c, blickt Sabine Happ zur\u00fcck.<\/p>\n<p>Um noch mehr Familien, Kinder und Jugendliche mit den Kursen anzusprechen, m\u00f6chte sie die Themenvielfalt noch deutlich erweitern: \u201eViele haben schon den Wunsch nach einem Selbstverteidigungskurs f\u00fcr Jugendliche ge\u00e4u\u00dfert\u201c, gibt Happ einen Einblick und erg\u00e4nzt: \u201eDiesen Wunsch versuche ich zu realisieren, aber wie auch bei anderen Themen ist es nicht immer einfach, einen Kursleiter zu finden.\u201c Hilfe erhalte sie bei der Suche von der Zentrale der vhs beim Landkreis Fulda. \u201eAber viele Leiter haben einen vollen Kursplan und nehmen bereits zum Teil weite Fahrten auf sich.\u201c Doch auch wenn der ein oder andere Kurs nicht gleich angeboten werden kann, versucht Sabine Happ f\u00fcr Anregungen der Teilnehmer stets ein offenes Ohr zu haben: \u201eAlles unter einen Hut zu bringen ist schwer, aber man kann es zumindest versuchen\u201c, sagt die 44-J\u00e4hrige mit einem Lachen. Dazu geh\u00f6re zum Beispiel die Erfahrung, Kurstermine besser auf den Gemeindekalender abzustimmen: \u201eAls Kursort nutzen wir meist die B\u00fcrgerh\u00e4user \u2013 einen Tanzkurs zur Fastnachtszeit zu veranstalten, ist organisatorisch ziemlich aufwendig, weil der Kurs aufgrund von Proben der Fastnachter immer wieder umziehen musste\u201c, erz\u00e4hlt Happ und f\u00fcgt mit einem Augenzwinkern an: \u201eTanzkurse gibt es also nur noch nach Fastnacht und vor den Kirmesveranstaltungen.\u201c<\/p>\n<p>Zu den organisatorischen Aufgaben als vhs-Zweigstellenleiterin geh\u00f6rt auch die Werbung f\u00fcr die Kurse. Das Familienzentrum als Kooperationspartner ver\u00f6ffentlicht im Familienrundbrief die Kurse mit direktem Internetlink zur Volkshochschule. \u201eDar\u00fcber hinaus l\u00e4uft vieles in Ebersburg \u00fcber Mund-zu-Mund-Propaganda\u201c, sagt die Schmalnauerin. Und das ist ein Leichtes f\u00fcr sie: Denn zahlreiche Kontakte hat die 44-J\u00e4hrige nicht nur durch ihren Job in der Gemeindeverwaltung. Sie selbst ist aktives Mitglied im Gesangsverein und Lektorin in der Kirchengemeinde \u2013 und den einen oder anderen Fremdsprachenkurs bei der vhs hat die Netzwerkerin auch selbst schon besucht.<\/p>\n","protected":false},"excerpt":{"rendered":"<div class=\"tmnf_excerpt\"><p>Sabine Happ ist in Ebersburg nicht nur privat gut vernetzt. Die 44-J\u00e4hrige arbeitet vielmehr an einem wichtigen Knotenpunkt des Gemeindenetzwerks: im Sekretariat der B\u00fcrgermeisterin. Beste Voraussetzungen also, als Leiterin der vhs-Zweigstelle des Landkreises Fulda stets mit den Menschen in Kontakt zu sein. \u201eMeine langj\u00e4hrige Vorg\u00e4ngerin, Birgit Leeder, hat mich auf die Idee gebracht, mich f\u00fcr &hellip;<\/p>\n<\/div>","protected":false},"author":1,"featured_media":174626,"comment_status":"closed","ping_status":"closed","sticky":false,"template":"","format":"standard","meta":{"footnotes":""},"categories":[1],"tags":[],"class_list":["post-174623","post","type-post","status-publish","format-standard","has-post-thumbnail","hentry","category-startseite"],"_links":{"self":[{"href":"https:\/\/www.fuldaernachrichten.de\/index.php?rest_route=\/wp\/v2\/posts\/174623","targetHints":{"allow":["GET"]}}],"collection":[{"href":"https:\/\/www.fuldaernachrichten.de\/index.php?rest_route=\/wp\/v2\/posts"}],"about":[{"href":"https:\/\/www.fuldaernachrichten.de\/index.php?rest_route=\/wp\/v2\/types\/post"}],"author":[{"embeddable":true,"href":"https:\/\/www.fuldaernachrichten.de\/index.php?rest_route=\/wp\/v2\/users\/1"}],"replies":[{"embeddable":true,"href":"https:\/\/www.fuldaernachrichten.de\/index.php?rest_route=%2Fwp%2Fv2%2Fcomments&post=174623"}],"version-history":[{"count":1,"href":"https:\/\/www.fuldaernachrichten.de\/index.php?rest_route=\/wp\/v2\/posts\/174623\/revisions"}],"predecessor-version":[{"id":174627,"href":"https:\/\/www.fuldaernachrichten.de\/index.php?rest_route=\/wp\/v2\/posts\/174623\/revisions\/174627"}],"wp:featuredmedia":[{"embeddable":true,"href":"https:\/\/www.fuldaernachrichten.de\/index.php?rest_route=\/wp\/v2\/media\/174626"}],"wp:attachment":[{"href":"https:\/\/www.fuldaernachrichten.de\/index.php?rest_route=%2Fwp%2Fv2%2Fmedia&parent=174623"}],"wp:term":[{"taxonomy":"category","embeddable":true,"href":"https:\/\/www.fuldaernachrichten.de\/index.php?rest_route=%2Fwp%2Fv2%2Fcategories&post=174623"},{"taxonomy":"post_tag","embeddable":true,"href":"https:\/\/www.fuldaernachrichten.de\/index.php?rest_route=%2Fwp%2Fv2%2Ftags&post=174623"}],"curies":[{"name":"wp","href":"https:\/\/api.w.org\/{rel}","templated":true}]}}