{"id":174618,"date":"2018-06-16T13:42:54","date_gmt":"2018-06-16T11:42:54","guid":{"rendered":"http:\/\/www.fuldaer-nachrichten.de\/?p=174618"},"modified":"2018-06-16T13:42:54","modified_gmt":"2018-06-16T11:42:54","slug":"landkreis-fulda-begruesst-fuenf-neue-staatsbuerger","status":"publish","type":"post","link":"https:\/\/www.fuldaernachrichten.de\/?p=174618","title":{"rendered":"Landkreis Fulda begr\u00fc\u00dft f\u00fcnf neue Staatsb\u00fcrger"},"content":{"rendered":"<p>F\u00fcnf B\u00fcrgerinnen und B\u00fcrger aus dem Landkreis mit Wurzeln in Moldawien, der Tschechischen Republik, Spanien und Frankreich sind seit letzter Woche neue deutsche Staatsb\u00fcrger. Bei der feierlichen Einb\u00fcrgerung im Landratsamt erhielten die beiden M\u00e4dchen (nur eins anwesend), die beiden Frauen und ein Herr nach der gesetzlich vorgeschriebenen Verlesung der Eidesformel ihre Urkunden. Erster Kreisbeigeordneter Frederik Schmitt begl\u00fcckw\u00fcnschte die Neu-Eingeb\u00fcrgerten zu ihrer bewussten Entscheidung, die deutsche Staatsb\u00fcrgerschaft zu beantragen, die neben Pflichten auch eine ganze Reihe von Rechten und Erleichterungen mit sich bringe.<\/p>\n","protected":false},"excerpt":{"rendered":"<div class=\"tmnf_excerpt\"><p>F\u00fcnf B\u00fcrgerinnen und B\u00fcrger aus dem Landkreis mit Wurzeln in Moldawien, der Tschechischen Republik, Spanien und Frankreich sind seit letzter Woche neue deutsche Staatsb\u00fcrger. Bei der feierlichen Einb\u00fcrgerung im Landratsamt erhielten die beiden M\u00e4dchen (nur eins anwesend), die beiden Frauen und ein Herr nach der gesetzlich vorgeschriebenen Verlesung der Eidesformel ihre Urkunden. Erster Kreisbeigeordneter Frederik &hellip;<\/p>\n<\/div>","protected":false},"author":1,"featured_media":174621,"comment_status":"closed","ping_status":"closed","sticky":false,"template":"","format":"standard","meta":{"footnotes":""},"categories":[1],"tags":[],"class_list":["post-174618","post","type-post","status-publish","format-standard","has-post-thumbnail","hentry","category-startseite"],"_links":{"self":[{"href":"https:\/\/www.fuldaernachrichten.de\/index.php?rest_route=\/wp\/v2\/posts\/174618","targetHints":{"allow":["GET"]}}],"collection":[{"href":"https:\/\/www.fuldaernachrichten.de\/index.php?rest_route=\/wp\/v2\/posts"}],"about":[{"href":"https:\/\/www.fuldaernachrichten.de\/index.php?rest_route=\/wp\/v2\/types\/post"}],"author":[{"embeddable":true,"href":"https:\/\/www.fuldaernachrichten.de\/index.php?rest_route=\/wp\/v2\/users\/1"}],"replies":[{"embeddable":true,"href":"https:\/\/www.fuldaernachrichten.de\/index.php?rest_route=%2Fwp%2Fv2%2Fcomments&post=174618"}],"version-history":[{"count":1,"href":"https:\/\/www.fuldaernachrichten.de\/index.php?rest_route=\/wp\/v2\/posts\/174618\/revisions"}],"predecessor-version":[{"id":174622,"href":"https:\/\/www.fuldaernachrichten.de\/index.php?rest_route=\/wp\/v2\/posts\/174618\/revisions\/174622"}],"wp:featuredmedia":[{"embeddable":true,"href":"https:\/\/www.fuldaernachrichten.de\/index.php?rest_route=\/wp\/v2\/media\/174621"}],"wp:attachment":[{"href":"https:\/\/www.fuldaernachrichten.de\/index.php?rest_route=%2Fwp%2Fv2%2Fmedia&parent=174618"}],"wp:term":[{"taxonomy":"category","embeddable":true,"href":"https:\/\/www.fuldaernachrichten.de\/index.php?rest_route=%2Fwp%2Fv2%2Fcategories&post=174618"},{"taxonomy":"post_tag","embeddable":true,"href":"https:\/\/www.fuldaernachrichten.de\/index.php?rest_route=%2Fwp%2Fv2%2Ftags&post=174618"}],"curies":[{"name":"wp","href":"https:\/\/api.w.org\/{rel}","templated":true}]}}