{"id":174613,"date":"2018-06-16T13:42:31","date_gmt":"2018-06-16T11:42:31","guid":{"rendered":"http:\/\/www.fuldaer-nachrichten.de\/?p=174613"},"modified":"2018-06-16T13:42:31","modified_gmt":"2018-06-16T11:42:31","slug":"auszeichnung-der-weltladen-ag-der-eduard-stieler-schule","status":"publish","type":"post","link":"https:\/\/www.fuldaernachrichten.de\/?p=174613","title":{"rendered":"Auszeichnung der Weltladen AG der Eduard-Stieler-Schule"},"content":{"rendered":"<p>Auch in diesem Schuljahr 2017\/18 arbeiteten die Weltladen AG-Mitglieder ehrenamtlich im Fokus des Fairen Handels in unterschiedlichen Projekten an der Eduard-Stieler-Schule. Innerhalb der Schule organisierten die Jugendlichen Verk\u00e4ufe von fair gehandelten Lebensmitteln und setzten sich daf\u00fcr ein, dass Fulda \u201eFairtrade Town\u201c wird. Highlight war im M\u00e4rz der 2. Platz bei den Fairtrade Awards in Berlin mit Anke Engelke.<\/p>\n<p>F\u00fcr das zur\u00fcckliegende Schuljahr zeichnete Studienrat Christian Quanz die engagiertesten Weltladen AG-Mitglieder der Eduard-Stieler-Schule aus. Schulleiter J\u00f6rg Demuth ist von dem Engagement der Sch\u00fclerinnen und Sch\u00fcler sehr angetan und freut sich \u00fcber das rege Interesse, die Aktionen der Weltladen AG an der Eduard-Stieler-Schule hervorruft.<\/p>\n","protected":false},"excerpt":{"rendered":"<div class=\"tmnf_excerpt\"><p>Auch in diesem Schuljahr 2017\/18 arbeiteten die Weltladen AG-Mitglieder ehrenamtlich im Fokus des Fairen Handels in unterschiedlichen Projekten an der Eduard-Stieler-Schule. Innerhalb der Schule organisierten die Jugendlichen Verk\u00e4ufe von fair gehandelten Lebensmitteln und setzten sich daf\u00fcr ein, dass Fulda \u201eFairtrade Town\u201c wird. Highlight war im M\u00e4rz der 2. Platz bei den Fairtrade Awards in Berlin &hellip;<\/p>\n<\/div>","protected":false},"author":1,"featured_media":174619,"comment_status":"closed","ping_status":"closed","sticky":false,"template":"","format":"standard","meta":{"footnotes":""},"categories":[1],"tags":[],"class_list":["post-174613","post","type-post","status-publish","format-standard","has-post-thumbnail","hentry","category-startseite"],"_links":{"self":[{"href":"https:\/\/www.fuldaernachrichten.de\/index.php?rest_route=\/wp\/v2\/posts\/174613","targetHints":{"allow":["GET"]}}],"collection":[{"href":"https:\/\/www.fuldaernachrichten.de\/index.php?rest_route=\/wp\/v2\/posts"}],"about":[{"href":"https:\/\/www.fuldaernachrichten.de\/index.php?rest_route=\/wp\/v2\/types\/post"}],"author":[{"embeddable":true,"href":"https:\/\/www.fuldaernachrichten.de\/index.php?rest_route=\/wp\/v2\/users\/1"}],"replies":[{"embeddable":true,"href":"https:\/\/www.fuldaernachrichten.de\/index.php?rest_route=%2Fwp%2Fv2%2Fcomments&post=174613"}],"version-history":[{"count":1,"href":"https:\/\/www.fuldaernachrichten.de\/index.php?rest_route=\/wp\/v2\/posts\/174613\/revisions"}],"predecessor-version":[{"id":174620,"href":"https:\/\/www.fuldaernachrichten.de\/index.php?rest_route=\/wp\/v2\/posts\/174613\/revisions\/174620"}],"wp:featuredmedia":[{"embeddable":true,"href":"https:\/\/www.fuldaernachrichten.de\/index.php?rest_route=\/wp\/v2\/media\/174619"}],"wp:attachment":[{"href":"https:\/\/www.fuldaernachrichten.de\/index.php?rest_route=%2Fwp%2Fv2%2Fmedia&parent=174613"}],"wp:term":[{"taxonomy":"category","embeddable":true,"href":"https:\/\/www.fuldaernachrichten.de\/index.php?rest_route=%2Fwp%2Fv2%2Fcategories&post=174613"},{"taxonomy":"post_tag","embeddable":true,"href":"https:\/\/www.fuldaernachrichten.de\/index.php?rest_route=%2Fwp%2Fv2%2Ftags&post=174613"}],"curies":[{"name":"wp","href":"https:\/\/api.w.org\/{rel}","templated":true}]}}