{"id":174606,"date":"2018-06-16T13:40:52","date_gmt":"2018-06-16T11:40:52","guid":{"rendered":"http:\/\/www.fuldaer-nachrichten.de\/?p=174606"},"modified":"2018-06-16T13:40:52","modified_gmt":"2018-06-16T11:40:52","slug":"neueste-roentgen-technologie-am-klinikum-fulda-optimierte-diagnostik-und-therapie-von-gefaesserkrankungen-geringere-strahlenexposition%e2%80%a8","status":"publish","type":"post","link":"https:\/\/www.fuldaernachrichten.de\/?p=174606","title":{"rendered":"Neueste R\u00f6ntgen-Technologie am Klinikum Fulda &#8211; Optimierte Diagnostik und Therapie von Gef\u00e4\u00dferkrankungen Geringere Strahlenexposition\u00e2\u20ac\u00a8"},"content":{"rendered":"<p>Die Klinik f\u00fcr Diagnostische und Interventionelle Neuroradiologie am Klinikum Fulda nimmt gemeinsam mit der Klinik f\u00fcr Diagnostische und Interventionelle Radiologie einen voll digitalen Katheter-Arbeitsplatz der neuesten Generation in Betrieb. Die Patienten profieren davon in zweierlei Hinsicht: Die Diagnostik und Therapie von Gef\u00e4\u00dferkrankungen wird pr\u00e4ziser und schonender. Am vergangenen Dienstag wurde die neue 2-Ebenen-Angiographie-Anlage offiziell eingeweiht.<\/p>\n<p>Um Schlaganf\u00e4lle und andere Erkrankungen des Kopf-Gef\u00e4\u00dfsystems pr\u00e4zise und gleichzeitig schonend behandeln zu k\u00f6nnen, hat das Klinikum Fulda in eine hochmoderne biplane Angiographieanlage der Firma Philips investiert. Das System Philips AlluraClarity FD20\/15 wurde im Radiologiezentrum installiert und vor kurzem in Betrieb genommen. \u201eBestechend ist die Ortsaufl\u00f6sung der neuen Anlage\u201c, erl\u00e4utert Prof. Dr. Erich Hofmann, Direktor der Klinik f\u00fcr Diagnostische und Interventionelle Neuroradiologie am Klinikum Fulda, \u201edas ist extrem wichtig angesichts der immer winziger werdenden Implantate und Instrumente, mit denen wir uns in den Hirnschlagadern bewegen.\u201c Das neue Angiographieger\u00e4t kann mehr anatomische Details abbilden, die bislang quasi unsichtbar waren, z.B. kleinste Gef\u00e4\u00dfver\u00e4nderungen am Kopf und im Gehirn aber auch in anderen K\u00f6rperregionen. Feine anatomische Details werden durch eine spezielle digitale Bildgebungstechnik fr\u00fchzeitig sichtbar gemacht, Diagnosen werden genauer und Gef\u00e4\u00dfeingriffe sicherer. Ein besonderer Vorteil ist die M\u00f6glichkeit, dreidimensionale Bilddatens\u00e4tze zu erstellen. Damit lassen sich beispielsweise Gef\u00e4\u00dfaussackungen (Aneurysmen) plastisch darstellen, was sich unmittelbar auf die Behandlungsstrategie auswirkt.<\/p>\n<p>Dosisreduktion um bis zu 70 Prozent<br \/>\nDas Angiographiesystem liefert einen Durchbruch in der Bildqualit\u00e4t bei gleichzeitiger Dosisreduktion um bis zu 70 Prozent und bringt dadurch entscheidende Vorteile f\u00fcr Patient und Arzt.<\/p>\n<p>\u201eWir haben uns ganz bewusst f\u00fcr diese Variante entschieden, weil wir durch die topmoderne Technik unsere Patientinnen und Patienten nicht nur optimal sondern auch sehr schonend behandeln k\u00f6nnen\u201c, freuen sich Vorstandssprecher Priv.-Doz. Dr. Thomas Menzel und sein Kollege Andr\u00e9 Eydt bei der offiziellen Einweihung.<\/p>\n<p>Sicherheit f\u00fcr Patienten und f\u00fcr die interventionell t\u00e4tigen \u00c4rzte und deren Teams ist w\u00e4hrend aller Eingriffe das oberste Gebot. Zwar sind minimal-invasive Interventionen im Kopfbereich oft Routineeingriffe, dennoch werden alle M\u00f6glichkeiten genutzt, die unumg\u00e4nglichen Risiken so klein wie m\u00f6glich zu halten. Exzellente Bildqualit\u00e4t und moderne Software in der Bildbearbeitung sind daf\u00fcr wichtige Voraussetzungen. Ein anderer nicht zu vernachl\u00e4ssigender Sicherheitsaspekt ist die zur Bildgebung bei solchen Eingriffen unerl\u00e4ssliche R\u00f6ntgenstrahlung. Mit der neuen Technologie l\u00e4sst sich die Strahlenexposition um bis zu 70 Prozent senken \u2013 und das bei gleichbleibend ausgezeichneter Bildqualit\u00e4t. Dass dies auch tats\u00e4chlich der Realit\u00e4t entspricht, wurde in medizinischen Studien belegt und durch unsere praktische Erfahrung best\u00e4tigt.<\/p>\n<p>\u201eEine so wesentliche Senkung der R\u00f6ntgendosis n\u00fctzt den Patienten genauso wie den behandelnden \u00c4rzten und deren Teams\u201c, erkl\u00e4rt Prof. Dr. Christoph Manke, Direktor der Radiologie am Klinikum Fulda, \u201ewir freuen uns richtig auf die Arbeit an der neuen Anlage\u201c.<\/p>\n","protected":false},"excerpt":{"rendered":"<div class=\"tmnf_excerpt\"><p>Die Klinik f\u00fcr Diagnostische und Interventionelle Neuroradiologie am Klinikum Fulda nimmt gemeinsam mit der Klinik f\u00fcr Diagnostische und Interventionelle Radiologie einen voll digitalen Katheter-Arbeitsplatz der neuesten Generation in Betrieb. Die Patienten profieren davon in zweierlei Hinsicht: Die Diagnostik und Therapie von Gef\u00e4\u00dferkrankungen wird pr\u00e4ziser und schonender. Am vergangenen Dienstag wurde die neue 2-Ebenen-Angiographie-Anlage offiziell eingeweiht. &hellip;<\/p>\n<\/div>","protected":false},"author":1,"featured_media":174610,"comment_status":"closed","ping_status":"closed","sticky":false,"template":"","format":"standard","meta":{"footnotes":""},"categories":[1],"tags":[],"class_list":["post-174606","post","type-post","status-publish","format-standard","has-post-thumbnail","hentry","category-startseite"],"_links":{"self":[{"href":"https:\/\/www.fuldaernachrichten.de\/index.php?rest_route=\/wp\/v2\/posts\/174606","targetHints":{"allow":["GET"]}}],"collection":[{"href":"https:\/\/www.fuldaernachrichten.de\/index.php?rest_route=\/wp\/v2\/posts"}],"about":[{"href":"https:\/\/www.fuldaernachrichten.de\/index.php?rest_route=\/wp\/v2\/types\/post"}],"author":[{"embeddable":true,"href":"https:\/\/www.fuldaernachrichten.de\/index.php?rest_route=\/wp\/v2\/users\/1"}],"replies":[{"embeddable":true,"href":"https:\/\/www.fuldaernachrichten.de\/index.php?rest_route=%2Fwp%2Fv2%2Fcomments&post=174606"}],"version-history":[{"count":1,"href":"https:\/\/www.fuldaernachrichten.de\/index.php?rest_route=\/wp\/v2\/posts\/174606\/revisions"}],"predecessor-version":[{"id":174611,"href":"https:\/\/www.fuldaernachrichten.de\/index.php?rest_route=\/wp\/v2\/posts\/174606\/revisions\/174611"}],"wp:featuredmedia":[{"embeddable":true,"href":"https:\/\/www.fuldaernachrichten.de\/index.php?rest_route=\/wp\/v2\/media\/174610"}],"wp:attachment":[{"href":"https:\/\/www.fuldaernachrichten.de\/index.php?rest_route=%2Fwp%2Fv2%2Fmedia&parent=174606"}],"wp:term":[{"taxonomy":"category","embeddable":true,"href":"https:\/\/www.fuldaernachrichten.de\/index.php?rest_route=%2Fwp%2Fv2%2Fcategories&post=174606"},{"taxonomy":"post_tag","embeddable":true,"href":"https:\/\/www.fuldaernachrichten.de\/index.php?rest_route=%2Fwp%2Fv2%2Ftags&post=174606"}],"curies":[{"name":"wp","href":"https:\/\/api.w.org\/{rel}","templated":true}]}}