{"id":1746,"date":"2007-02-16T14:57:22","date_gmt":"2007-02-16T13:57:22","guid":{"rendered":"http:\/\/www.schoene-nachrichten.de\/?p=1746"},"modified":"2007-02-16T14:59:23","modified_gmt":"2007-02-16T13:59:23","slug":"fulda-ist-topadresse-fuer-tagungsveranstalter","status":"publish","type":"post","link":"https:\/\/www.fuldaernachrichten.de\/?p=1746","title":{"rendered":"Fulda ist Topadresse f\u00fcr Tagungsveranstalter"},"content":{"rendered":"<p><strong>Sch\u00f6nes aus Fulda.<\/strong>\u00c2\u00a0Fulda geh\u00f6rt zu Deutschlands beliebtesten Tagungsdestinationen. Das hat\u00c2\u00a0eine Umfrage der Vereinigung der Tagungsveranstalter (UVT) ergeben. \u00dcber 25.000 Tagungsplaner waren befragt worden. In der Sparte \u201eTagungsdestination national\u201c landete Fulda unter den\u00c2\u00a0zehn besten Dienstleistern neben\u00c2\u00a0Gro\u00dfst\u00e4dten wie Berlin, Dresden, Frankfurt, Hamburg, K\u00f6ln, Leipzig,\u00c2\u00a0 Mainz, M\u00fcnchen oder Stuttgart. Die Vereinigung hatte erstmalig bundesweit den \u201eCongress Award\u201c\u00c2\u00a0 ausgeschrieben, der in\u00c2\u00a0zehn Kategorien vergeben wurde.<\/p>\n<p><!--more-->\u201eUns hat das Ergebnis \u00fcberrascht und sehr\u00c2\u00a0 gefreut\u201c, kommentiert Fuldas OB und Wirtschaftsdezernent Gerhard\u00c2\u00a0M\u00f6ller die Initiative des UVT. Dass die Barockstadt in einem Atemzug\u00c2\u00a0mit Gro\u00dfst\u00e4dten genannt wird, sei ein \u201egro\u00dfartiger Erfolg f\u00fcr die\u00c2\u00a0Bem\u00fchungen des Teams des Tourismus- und Kongressmanagements Fulda\u00c2\u00a0unter Leitung von Elisabeth Schrimpf\u201c.<\/p>\n<p>Ausschlaggebend f\u00fcr die Wahl Fuldas unter die Top Ten f\u00fcr den\u00c2\u00a0 Congress Award war die sehr gute Verkehrsanbindung und zentrale Lage, vor allem aber die guten Kongress- und Tagungsm\u00f6glichkeiten. Das\u00c2\u00a0 reizvolle Ambiente einer Stadt mit Geschichte und Tradition, in der\u00c2\u00a0 die G\u00e4ste \u00fcber die Tagung hinaus ihren Aufenthalt genie\u00dfen k\u00f6nnen,\u00c2\u00a0habe das Gesamtbild abgerundet, das zum guten Abschneiden gef\u00fchrt\u00c2\u00a0hat. \u201eIch m\u00f6chte allen danken, die durch gute Dienstleistungen und\u00c2\u00a0 Angebote Fuldas Renommee in der Fachbranche st\u00e4rken\u201c, betonte der OB.<\/p>\n","protected":false},"excerpt":{"rendered":"<div class=\"tmnf_excerpt\"><p>Sch\u00f6nes aus Fulda.\u00c2\u00a0Fulda geh\u00f6rt zu Deutschlands beliebtesten Tagungsdestinationen. Das hat\u00c2\u00a0eine Umfrage der Vereinigung der Tagungsveranstalter (UVT) ergeben. \u00dcber 25.000 Tagungsplaner waren befragt worden. In der Sparte \u201eTagungsdestination national\u201c landete Fulda unter den\u00c2\u00a0zehn besten Dienstleistern neben\u00c2\u00a0Gro\u00dfst\u00e4dten wie Berlin, Dresden, Frankfurt, Hamburg, K\u00f6ln, Leipzig,\u00c2\u00a0 Mainz, M\u00fcnchen oder Stuttgart. Die Vereinigung hatte erstmalig bundesweit den \u201eCongress Award\u201c\u00c2\u00a0 ausgeschrieben, &hellip;<\/p>\n<\/div>","protected":false},"author":1,"featured_media":0,"comment_status":"closed","ping_status":"closed","sticky":false,"template":"","format":"standard","meta":{"footnotes":""},"categories":[1,44],"tags":[],"class_list":["post-1746","post","type-post","status-publish","format-standard","hentry","category-startseite","category-kultur"],"_links":{"self":[{"href":"https:\/\/www.fuldaernachrichten.de\/index.php?rest_route=\/wp\/v2\/posts\/1746","targetHints":{"allow":["GET"]}}],"collection":[{"href":"https:\/\/www.fuldaernachrichten.de\/index.php?rest_route=\/wp\/v2\/posts"}],"about":[{"href":"https:\/\/www.fuldaernachrichten.de\/index.php?rest_route=\/wp\/v2\/types\/post"}],"author":[{"embeddable":true,"href":"https:\/\/www.fuldaernachrichten.de\/index.php?rest_route=\/wp\/v2\/users\/1"}],"replies":[{"embeddable":true,"href":"https:\/\/www.fuldaernachrichten.de\/index.php?rest_route=%2Fwp%2Fv2%2Fcomments&post=1746"}],"version-history":[{"count":0,"href":"https:\/\/www.fuldaernachrichten.de\/index.php?rest_route=\/wp\/v2\/posts\/1746\/revisions"}],"wp:attachment":[{"href":"https:\/\/www.fuldaernachrichten.de\/index.php?rest_route=%2Fwp%2Fv2%2Fmedia&parent=1746"}],"wp:term":[{"taxonomy":"category","embeddable":true,"href":"https:\/\/www.fuldaernachrichten.de\/index.php?rest_route=%2Fwp%2Fv2%2Fcategories&post=1746"},{"taxonomy":"post_tag","embeddable":true,"href":"https:\/\/www.fuldaernachrichten.de\/index.php?rest_route=%2Fwp%2Fv2%2Ftags&post=1746"}],"curies":[{"name":"wp","href":"https:\/\/api.w.org\/{rel}","templated":true}]}}