{"id":174595,"date":"2018-06-16T13:39:13","date_gmt":"2018-06-16T11:39:13","guid":{"rendered":"http:\/\/www.fuldaer-nachrichten.de\/?p=174595"},"modified":"2018-06-16T13:39:13","modified_gmt":"2018-06-16T11:39:13","slug":"durch-buergerbusse-mobilitaet-im-laendlichen-raum-verbessern","status":"publish","type":"post","link":"https:\/\/www.fuldaernachrichten.de\/?p=174595","title":{"rendered":"Durch B\u00fcrgerbusse Mobilit\u00e4t im l\u00e4ndlichen Raum verbessern"},"content":{"rendered":"<p>Der Einsatz ehrenamtlich betriebener B\u00fcrgerbusse, die bestehende L\u00fccken im Nahverkehrsnetz in d\u00fcnner besiedelten Gebieten schlie\u00dfen k\u00f6nnen, wird immer mehr zum Thema in der \u00f6ffentlichen Diskussion. Das Angebot richtet sich insbesondere an \u00e4ltere und mobilit\u00e4tseingeschr\u00e4nkte Personen, denen der Weg beispielsweise zum Einkaufen oder Arzt erleichtert werden soll.<\/p>\n<p>Seit Mitte April f\u00f6rdert das Land die Einf\u00fchrung und den Betrieb von B\u00fcrgerbussen durch freiwillig Engagierte im Rahmen der Offensive \u201eLand hat Zukunft \u2013 Heimat Hessen\u201c. Hierzu hat das Hessische Ministerium f\u00fcr Wirtschaft, Energie, Verkehr und Landesentwicklung ein F\u00f6rderprogramm aufgelegt, das in 2018 und 2019 jeweils 1,2 Millionen Euro f\u00fcr B\u00fcrgerbusprojekte vorsieht. Ziel ist es, die Mobilit\u00e4t im l\u00e4ndlichen Raum zu verbessern sowie das freiwillige Engagement und den lokalen Zusammenhalt vor Ort zu st\u00e4rken.<\/p>\n<p>Bei der Umsetzung arbeitet das Ministerium eng mit der Landesstiftung Miteinander-in-Hessen zusammen. Mit der Stiftung wurde hierzu eine Kooperationsvereinbarung geschlossen. Die Landesstiftung betreut das F\u00f6rderprogramm und begleitet den Entwicklungsprozess von der Interessensbekundung bis zur \u00dcbergabe des Fahrzeugs in Abstimmung mit dem Fachzentrum Mobilit\u00e4t im l\u00e4ndlichen Raum. Neben der \u00dcbereignung eines Kleinbusses umfasst die F\u00f6rderung Materialien f\u00fcr die \u00d6ffentlichkeitsarbeit sowie die \u00dcbernahme der Kosten f\u00fcr Schulungen und Fahrtrainings. Informieren und bewerben k\u00f6nnen sich engagierte B\u00fcrger, Vereine, Initiativen, Gruppen und Kommunen aus dem l\u00e4ndlichen Raum unter www.miteinander-in-hessen.de.<\/p>\n<p>Am Freitag, 15. Juni, findet von 10.30 bis 12.00 Uhr in den Sitzungsr\u00e4umen I und II des Landratsamts, W\u00f6rthstr. 15, in Fulda eine Infoveranstaltung zur F\u00f6rderung von B\u00fcrgerbussen statt, zu der der Fachdienst Regionalentwicklung der Kreisverwaltung alle Kommunen sowie die beim Landkreis bekannten Initiativen eingeladen hat. Zwei Referenten der Landesstiftung und des Fachzentrums werden das Programm und die F\u00f6rderm\u00f6glichkeiten vorstellen. Weitere Interessenten k\u00f6nnen sich bei martina.rode@landkreis-fulda.de anmelden.<\/p>\n","protected":false},"excerpt":{"rendered":"<div class=\"tmnf_excerpt\"><p>Der Einsatz ehrenamtlich betriebener B\u00fcrgerbusse, die bestehende L\u00fccken im Nahverkehrsnetz in d\u00fcnner besiedelten Gebieten schlie\u00dfen k\u00f6nnen, wird immer mehr zum Thema in der \u00f6ffentlichen Diskussion. Das Angebot richtet sich insbesondere an \u00e4ltere und mobilit\u00e4tseingeschr\u00e4nkte Personen, denen der Weg beispielsweise zum Einkaufen oder Arzt erleichtert werden soll. Seit Mitte April f\u00f6rdert das Land die Einf\u00fchrung und &hellip;<\/p>\n<\/div>","protected":false},"author":1,"featured_media":0,"comment_status":"closed","ping_status":"closed","sticky":false,"template":"","format":"standard","meta":{"footnotes":""},"categories":[1],"tags":[],"class_list":["post-174595","post","type-post","status-publish","format-standard","hentry","category-startseite"],"_links":{"self":[{"href":"https:\/\/www.fuldaernachrichten.de\/index.php?rest_route=\/wp\/v2\/posts\/174595","targetHints":{"allow":["GET"]}}],"collection":[{"href":"https:\/\/www.fuldaernachrichten.de\/index.php?rest_route=\/wp\/v2\/posts"}],"about":[{"href":"https:\/\/www.fuldaernachrichten.de\/index.php?rest_route=\/wp\/v2\/types\/post"}],"author":[{"embeddable":true,"href":"https:\/\/www.fuldaernachrichten.de\/index.php?rest_route=\/wp\/v2\/users\/1"}],"replies":[{"embeddable":true,"href":"https:\/\/www.fuldaernachrichten.de\/index.php?rest_route=%2Fwp%2Fv2%2Fcomments&post=174595"}],"version-history":[{"count":1,"href":"https:\/\/www.fuldaernachrichten.de\/index.php?rest_route=\/wp\/v2\/posts\/174595\/revisions"}],"predecessor-version":[{"id":174602,"href":"https:\/\/www.fuldaernachrichten.de\/index.php?rest_route=\/wp\/v2\/posts\/174595\/revisions\/174602"}],"wp:attachment":[{"href":"https:\/\/www.fuldaernachrichten.de\/index.php?rest_route=%2Fwp%2Fv2%2Fmedia&parent=174595"}],"wp:term":[{"taxonomy":"category","embeddable":true,"href":"https:\/\/www.fuldaernachrichten.de\/index.php?rest_route=%2Fwp%2Fv2%2Fcategories&post=174595"},{"taxonomy":"post_tag","embeddable":true,"href":"https:\/\/www.fuldaernachrichten.de\/index.php?rest_route=%2Fwp%2Fv2%2Ftags&post=174595"}],"curies":[{"name":"wp","href":"https:\/\/api.w.org\/{rel}","templated":true}]}}