{"id":174580,"date":"2018-06-11T22:48:21","date_gmt":"2018-06-11T20:48:21","guid":{"rendered":"http:\/\/www.fuldaer-nachrichten.de\/?p=174580"},"modified":"2018-06-11T22:48:21","modified_gmt":"2018-06-11T20:48:21","slug":"buchvorstellung-neuer-band-zu-wilhelm-friedrich-von-oranien-nassau","status":"publish","type":"post","link":"https:\/\/www.fuldaernachrichten.de\/?p=174580","title":{"rendered":"Buchvorstellung: Neuer Band zu Wilhelm Friedrich von Oranien-Nassau"},"content":{"rendered":"<p><a href=\"http:\/\/www.fuldaer-nachrichten.de\/wp-content\/uploads\/2018\/06\/Buchvorstellung4.jpg\"><img decoding=\"async\" class=\"alignleft size-thumbnail wp-image-174586\" src=\"http:\/\/www.fuldaer-nachrichten.de\/wp-content\/uploads\/2018\/06\/Buchvorstellung4-265x176.jpg\" alt=\"\" width=\"265\" height=\"176\" srcset=\"https:\/\/www.fuldaernachrichten.de\/wp-content\/uploads\/2018\/06\/Buchvorstellung4-265x176.jpg 265w, https:\/\/www.fuldaernachrichten.de\/wp-content\/uploads\/2018\/06\/Buchvorstellung4-768x511.jpg 768w, https:\/\/www.fuldaernachrichten.de\/wp-content\/uploads\/2018\/06\/Buchvorstellung4-600x399.jpg 600w, https:\/\/www.fuldaernachrichten.de\/wp-content\/uploads\/2018\/06\/Buchvorstellung4.jpg 900w\" sizes=\"(max-width: 265px) 100vw, 265px\" \/><\/a>Kaum eine Pers\u00f6nlichkeit hat die moderne Geschichte Fuldas so nachhaltig gepr\u00e4gt wie Wilhelm Friedrich von Oranien-Nassau. Sein Wirken, das zum Teil bis heute im Stadtbild sowie in einigen Institutionen fortlebt, hat Dr. Gudrun V\u00f6gler in einem Buch mit dem Titel \u201eWilhelm Friedrich von Oranien-Nassau. F\u00fcrst von Fulda (1802-1806) und K\u00f6nig Wilhelm I. der Niederlande (1815-1840)\u201c erstmals umfangreich beleuchtet. Jetzt wurde das Buch, das als 32. Band der st\u00e4dtischen Reihe \u201eDokumentationen zur Stadtgeschichte\u201c erschienen ist, im Gew\u00f6lbekeller der st\u00e4dtischen Musikschule vorgestellt.<\/p>\n<p>Der Ort der Vorstellung war nicht zuf\u00e4llig gew\u00e4hlt: W\u00e4hrend seiner Regentschaft gr\u00fcndete der junge F\u00fcrst in den R\u00e4umlichkeiten, in denen heute die Musikschule der Stadt Fulda untergebracht ist, das erste Landkrankenhaus. \u201eDas Landkrankenhaus, der Vorg\u00e4nger des heutigen Klinikums, haben wir Wilhelm Friedrich, der Hauptfigur des Buches, zu verdanken. Das Geb\u00e4ude ist ein Teil seines historischen Erbes\u201c, sagte Oberb\u00fcrgermeister Dr. Heiko Wingenfeld. Die Autorin des Werks, Dr. Gudrun V\u00f6gler, unterstrich: Unter der F\u00fchrung des Oraniers habe es in Fulda nach mehr als 1000 Jahren geistlicher Herrschaft erstmals eine s\u00e4kulare Regentschaft gegeben, Wilhelm Friedrich \u00f6ffnete die Stadt f\u00fcr den evangelischen Glauben und gew\u00e4hrte eine bis dato im Fuldaer Land nicht gekannte Glaubensfreiheit.<\/p>\n<p>\u201eTrotz der relativ kurzen Amtszeit des F\u00fcrsten von nur vier Jahren hat er grundlegende Reformen in der Verwaltung, im Sozialwesen, der Gesundheitsversorgung, der Bildung und im kulturellen Bereich durchgef\u00fchrt\u201c, z\u00e4hlte die Autorin auf und f\u00fcgte an: \u201eSein Wirken war eine tiefe, ja sogar wohl die tiefste Z\u00e4sur f\u00fcr die Fuldaer Geschichte, an deren Ende sich das alte Hochstift in einen modernen Staat verwandelt hatte.\u201c Diese Zusammenh\u00e4nge habe sie auch f\u00fcr den Leser anschaulich vermitteln wollen: \u201eDas Ziel meiner Arbeit war es, ein wissenschaftlich fundiertes Buch zu schreiben, das aber nicht trocken und langweilig f\u00fcr den Leser ist.\u201c Deshalb sei auch der Erz\u00e4hltext durch zahlreiche Bilder, Grafiken und Landkarten erg\u00e4nzt worden.<\/p>\n<p>Der Historikerin und ehemalige Gymnasiallehrerin ist es durch ihre mehrj\u00e4hrige Recherche f\u00fcr das Buch auch gelungen, Ursachen daf\u00fcr herzuleiten, warum der junge F\u00fcrst in der napoleonischen \u00dcbergangszeit in dem kleinen Territorium Fulda in wenigen Jahren so viel bewegen konnte: So habe sich Wilhelm Friedrich, der \u201egepr\u00e4gt war vom rationalen N\u00fctzlichkeitsdenken seiner Zeit sowie den humanistischen Idealen der Aufkl\u00e4rung\u201c, durch eine kluge Personalpolitik die richtige Mischung an Beratern an den Hof geholt: Experten von au\u00dfen, aber auch altgediente fuldische Beamte wie etwa Siegmund von Bibra, die bereits viele Jahre zuvor Reformpl\u00e4ne f\u00fcr das Land geschmiedet hatten, aber bei den F\u00fcrstbisch\u00f6fen auf taube Ohren gesto\u00dfen waren &#8211; und die sich nun frei entfalten konnten.<\/p>\n<p>Oberb\u00fcrgermeister Wingenfeld lobte die Autorin f\u00fcr ihre Vorgehensweise: \u201eDie Lekt\u00fcre ist tiefgr\u00fcndig und dennoch so geschrieben, dass es auch f\u00fcr ein breites Publikum zug\u00e4nglich ist.\u201c Sein Dank galt allen Unterst\u00fctzern wie etwa der Sparkasse und dem Klinikum Fulda sowie den \u201eErmutigern und Initiatoren\u201c wie Josef Hoppe, dem es mit seiner \u201eB\u00fcrgerschaftlichen Initiative\u201c immer gelinge, vergessene oder bislang unterbelichtete Aspekte der Lokalgeschichte ins Bewusstsein der \u00d6ffentlichkeit zu holen. Richard Hartwig von der Sparkasse Fulda stellte die Bedeutung des F\u00fcrsten \u2013 auch f\u00fcr das Bankwesen &#8211; heraus: \u201eSchlie\u00dflich hat Wilhelm Friedrich von Oranien-Nassau auch die wirtschaftliche Entwicklung in Fulda ma\u00dfgeblich beeinflusst, indem er einer der Gr\u00fcndungsv\u00e4ter unserer Sparkasse war.\u201c<\/p>\n<p>Dass Wilhelm Friedrich von Oranien-Nassau eine bisher in der breiten \u00d6ffentlichkeit eher vernachl\u00e4ssigte historische Pers\u00f6nlichkeit gewesen sei, werde sich mit V\u00f6glers Werk \u00e4ndern, prognostizierte der Vorsitzende des Fuldaer Geschichtsvereins, Ex-Oberb\u00fcrgermeister Gerhard M\u00f6ller. Er zeigte sich begeistert vom Inhalt wie von der \u00e4u\u00dferen Aufmachung des Buches. Michael Imhof von dem gleichnamigen Verlag war stolz auf das Ergebnis: \u201eIch denke wir haben eine qualitativ sehr hochwertige Lekt\u00fcre erzeugen k\u00f6nnen &#8211; das Buch mit seinem ansprechendem Layout macht einfach Spa\u00df durchzubl\u00e4ttern.\u201c<\/p>\n<p>Das 320 Seiten starke Werk ist im Buchhandel zum Preis von 29,95 Euro erh\u00e4ltlich.<\/p>\n","protected":false},"excerpt":{"rendered":"<div class=\"tmnf_excerpt\"><p>Kaum eine Pers\u00f6nlichkeit hat die moderne Geschichte Fuldas so nachhaltig gepr\u00e4gt wie Wilhelm Friedrich von Oranien-Nassau. Sein Wirken, das zum Teil bis heute im Stadtbild sowie in einigen Institutionen fortlebt, hat Dr. Gudrun V\u00f6gler in einem Buch mit dem Titel \u201eWilhelm Friedrich von Oranien-Nassau. F\u00fcrst von Fulda (1802-1806) und K\u00f6nig Wilhelm I. der Niederlande (1815-1840)\u201c &hellip;<\/p>\n<\/div>","protected":false},"author":1,"featured_media":174585,"comment_status":"closed","ping_status":"closed","sticky":false,"template":"","format":"standard","meta":{"footnotes":""},"categories":[1],"tags":[],"class_list":["post-174580","post","type-post","status-publish","format-standard","has-post-thumbnail","hentry","category-startseite"],"_links":{"self":[{"href":"https:\/\/www.fuldaernachrichten.de\/index.php?rest_route=\/wp\/v2\/posts\/174580","targetHints":{"allow":["GET"]}}],"collection":[{"href":"https:\/\/www.fuldaernachrichten.de\/index.php?rest_route=\/wp\/v2\/posts"}],"about":[{"href":"https:\/\/www.fuldaernachrichten.de\/index.php?rest_route=\/wp\/v2\/types\/post"}],"author":[{"embeddable":true,"href":"https:\/\/www.fuldaernachrichten.de\/index.php?rest_route=\/wp\/v2\/users\/1"}],"replies":[{"embeddable":true,"href":"https:\/\/www.fuldaernachrichten.de\/index.php?rest_route=%2Fwp%2Fv2%2Fcomments&post=174580"}],"version-history":[{"count":1,"href":"https:\/\/www.fuldaernachrichten.de\/index.php?rest_route=\/wp\/v2\/posts\/174580\/revisions"}],"predecessor-version":[{"id":174587,"href":"https:\/\/www.fuldaernachrichten.de\/index.php?rest_route=\/wp\/v2\/posts\/174580\/revisions\/174587"}],"wp:featuredmedia":[{"embeddable":true,"href":"https:\/\/www.fuldaernachrichten.de\/index.php?rest_route=\/wp\/v2\/media\/174585"}],"wp:attachment":[{"href":"https:\/\/www.fuldaernachrichten.de\/index.php?rest_route=%2Fwp%2Fv2%2Fmedia&parent=174580"}],"wp:term":[{"taxonomy":"category","embeddable":true,"href":"https:\/\/www.fuldaernachrichten.de\/index.php?rest_route=%2Fwp%2Fv2%2Fcategories&post=174580"},{"taxonomy":"post_tag","embeddable":true,"href":"https:\/\/www.fuldaernachrichten.de\/index.php?rest_route=%2Fwp%2Fv2%2Ftags&post=174580"}],"curies":[{"name":"wp","href":"https:\/\/api.w.org\/{rel}","templated":true}]}}