{"id":174542,"date":"2018-06-11T22:39:05","date_gmt":"2018-06-11T20:39:05","guid":{"rendered":"http:\/\/www.fuldaer-nachrichten.de\/?p=174542"},"modified":"2018-06-11T22:39:05","modified_gmt":"2018-06-11T20:39:05","slug":"paedagogische-fachkraeften-als-multiplikatoren-vor-ort-geschult","status":"publish","type":"post","link":"https:\/\/www.fuldaernachrichten.de\/?p=174542","title":{"rendered":"P\u00e4dagogische Fachkr\u00e4ften als Multiplikatoren vor Ort geschult"},"content":{"rendered":"<p>Die Sicherheit in Schulbussen h\u00e4ngt nicht nur vom Zustand des Fahrzeugs und den F\u00e4higkeiten des Fahrers ab, sondern auch vom richtigen Verhalten der Sch\u00fclerinnen und Sch\u00fcler. Schlecht verstaute Schultaschen, Rangeleien und nachl\u00e4ssiges Festhalten k\u00f6nnen die Fahrt mit dem Schulbus schnell zu einer Gefahrenquelle werden lassen. Schulkinder m\u00fcssen h\u00e4ufig noch ein Gef\u00fchl daf\u00fcr entwickeln, wie sie durch ihr eigenes Verhalten die Sicherheit im Schulbus erh\u00f6hen k\u00f6nnen.<\/p>\n<p>Der Fachdienst Schulen der Kreisverwaltung hat in Abstimmung mit dem Polizeipr\u00e4sidium Osthessen ein Konzept erarbeitet, um p\u00e4dagogische Fachkr\u00e4fte f\u00fcr das richtige Verhalten von Sch\u00fclerinnen und Sch\u00fclern bei der Schulbusnutzung zu sensibilisieren. Seit Einf\u00fchrung des Konzepts im Jahr 2008 haben mehrfach Ausbildungen stattgefunden. Vor kurzem wurden erneut acht p\u00e4dagogische Fachkr\u00e4fte geschult, um als Multiplikatoren vor Ort ihr Wissen weiterzugeben.<\/p>\n<p>Beispielsweise sollen die Sch\u00fclerinnen und Sch\u00fcler lernen, dass sie im toten Winkel eines Busses nicht gesehen werden k\u00f6nnen, oder auch erfahren, welche Kraft bei einem Bremsvorgang auf den Bus und seine Insassen wirkt. Aus diesem Grund wird das sichere Verstauen der Ranzen sowie richtiges Sitzen und Festhalten ge\u00fcbt. Auch das gefahrenfreie Ein- und Aussteigen sowie das richtige Verhalten an den Bushaltestellen geh\u00f6ren zur Unterrichtseinheit.<\/p>\n<p>Nach der theoretischen Unterweisung wurde direkt im Haltestellenbereich an einem Bus der Rh\u00f6nenergie, der f\u00fcr die Zeit der Schulung kostenlos zur Verf\u00fcgung stand, die richtige Nutzung erkl\u00e4rt und auf Gefahrenquellen hingewiesen. F\u00fcr die Durchf\u00fchrung der Schulung zeichneten Polizeioberkommissarin Lioba Mihm und Polizeihauptkommissar Matthias Noll vom Regionalen Verkehrsdienst Fulda des Polizeipr\u00e4sidiums verantwortlich.<\/p>\n","protected":false},"excerpt":{"rendered":"<div class=\"tmnf_excerpt\"><p>Die Sicherheit in Schulbussen h\u00e4ngt nicht nur vom Zustand des Fahrzeugs und den F\u00e4higkeiten des Fahrers ab, sondern auch vom richtigen Verhalten der Sch\u00fclerinnen und Sch\u00fcler. Schlecht verstaute Schultaschen, Rangeleien und nachl\u00e4ssiges Festhalten k\u00f6nnen die Fahrt mit dem Schulbus schnell zu einer Gefahrenquelle werden lassen. Schulkinder m\u00fcssen h\u00e4ufig noch ein Gef\u00fchl daf\u00fcr entwickeln, wie sie &hellip;<\/p>\n<\/div>","protected":false},"author":1,"featured_media":174544,"comment_status":"closed","ping_status":"closed","sticky":false,"template":"","format":"standard","meta":{"footnotes":""},"categories":[1],"tags":[],"class_list":["post-174542","post","type-post","status-publish","format-standard","has-post-thumbnail","hentry","category-startseite"],"_links":{"self":[{"href":"https:\/\/www.fuldaernachrichten.de\/index.php?rest_route=\/wp\/v2\/posts\/174542","targetHints":{"allow":["GET"]}}],"collection":[{"href":"https:\/\/www.fuldaernachrichten.de\/index.php?rest_route=\/wp\/v2\/posts"}],"about":[{"href":"https:\/\/www.fuldaernachrichten.de\/index.php?rest_route=\/wp\/v2\/types\/post"}],"author":[{"embeddable":true,"href":"https:\/\/www.fuldaernachrichten.de\/index.php?rest_route=\/wp\/v2\/users\/1"}],"replies":[{"embeddable":true,"href":"https:\/\/www.fuldaernachrichten.de\/index.php?rest_route=%2Fwp%2Fv2%2Fcomments&post=174542"}],"version-history":[{"count":1,"href":"https:\/\/www.fuldaernachrichten.de\/index.php?rest_route=\/wp\/v2\/posts\/174542\/revisions"}],"predecessor-version":[{"id":174545,"href":"https:\/\/www.fuldaernachrichten.de\/index.php?rest_route=\/wp\/v2\/posts\/174542\/revisions\/174545"}],"wp:featuredmedia":[{"embeddable":true,"href":"https:\/\/www.fuldaernachrichten.de\/index.php?rest_route=\/wp\/v2\/media\/174544"}],"wp:attachment":[{"href":"https:\/\/www.fuldaernachrichten.de\/index.php?rest_route=%2Fwp%2Fv2%2Fmedia&parent=174542"}],"wp:term":[{"taxonomy":"category","embeddable":true,"href":"https:\/\/www.fuldaernachrichten.de\/index.php?rest_route=%2Fwp%2Fv2%2Fcategories&post=174542"},{"taxonomy":"post_tag","embeddable":true,"href":"https:\/\/www.fuldaernachrichten.de\/index.php?rest_route=%2Fwp%2Fv2%2Ftags&post=174542"}],"curies":[{"name":"wp","href":"https:\/\/api.w.org\/{rel}","templated":true}]}}