{"id":174536,"date":"2018-06-11T22:38:02","date_gmt":"2018-06-11T20:38:02","guid":{"rendered":"http:\/\/www.fuldaer-nachrichten.de\/?p=174536"},"modified":"2018-06-11T22:38:02","modified_gmt":"2018-06-11T20:38:02","slug":"dachabdichtung-vergeben","status":"publish","type":"post","link":"https:\/\/www.fuldaernachrichten.de\/?p=174536","title":{"rendered":"Dachabdichtung vergeben"},"content":{"rendered":"<p>Bei der grundlegenden Sanierung der Rh\u00f6nschule in Gersfeld wurden vom Kreisausschuss f\u00fcr 261.900 Euro die Dachabdichtungsarbeiten in den Ebenen 5 und 6 vergeben. Nach der Fertigstellung und dem Bezug des Neubaus der Fliedetalschule in Flieden soll in den Sommerferien das alte Schulgeb\u00e4ude abgerissen werden. Das g\u00fcnstigste Angebot f\u00fcr die Abbrucharbeiten belief sich auf 93.900 Euro.<\/p>\n","protected":false},"excerpt":{"rendered":"<div class=\"tmnf_excerpt\"><p>Bei der grundlegenden Sanierung der Rh\u00f6nschule in Gersfeld wurden vom Kreisausschuss f\u00fcr 261.900 Euro die Dachabdichtungsarbeiten in den Ebenen 5 und 6 vergeben. Nach der Fertigstellung und dem Bezug des Neubaus der Fliedetalschule in Flieden soll in den Sommerferien das alte Schulgeb\u00e4ude abgerissen werden. Das g\u00fcnstigste Angebot f\u00fcr die Abbrucharbeiten belief sich auf 93.900 Euro.<\/p>\n<\/div>","protected":false},"author":1,"featured_media":0,"comment_status":"closed","ping_status":"closed","sticky":false,"template":"","format":"standard","meta":{"footnotes":""},"categories":[1],"tags":[],"class_list":["post-174536","post","type-post","status-publish","format-standard","hentry","category-startseite"],"_links":{"self":[{"href":"https:\/\/www.fuldaernachrichten.de\/index.php?rest_route=\/wp\/v2\/posts\/174536","targetHints":{"allow":["GET"]}}],"collection":[{"href":"https:\/\/www.fuldaernachrichten.de\/index.php?rest_route=\/wp\/v2\/posts"}],"about":[{"href":"https:\/\/www.fuldaernachrichten.de\/index.php?rest_route=\/wp\/v2\/types\/post"}],"author":[{"embeddable":true,"href":"https:\/\/www.fuldaernachrichten.de\/index.php?rest_route=\/wp\/v2\/users\/1"}],"replies":[{"embeddable":true,"href":"https:\/\/www.fuldaernachrichten.de\/index.php?rest_route=%2Fwp%2Fv2%2Fcomments&post=174536"}],"version-history":[{"count":1,"href":"https:\/\/www.fuldaernachrichten.de\/index.php?rest_route=\/wp\/v2\/posts\/174536\/revisions"}],"predecessor-version":[{"id":174538,"href":"https:\/\/www.fuldaernachrichten.de\/index.php?rest_route=\/wp\/v2\/posts\/174536\/revisions\/174538"}],"wp:attachment":[{"href":"https:\/\/www.fuldaernachrichten.de\/index.php?rest_route=%2Fwp%2Fv2%2Fmedia&parent=174536"}],"wp:term":[{"taxonomy":"category","embeddable":true,"href":"https:\/\/www.fuldaernachrichten.de\/index.php?rest_route=%2Fwp%2Fv2%2Fcategories&post=174536"},{"taxonomy":"post_tag","embeddable":true,"href":"https:\/\/www.fuldaernachrichten.de\/index.php?rest_route=%2Fwp%2Fv2%2Ftags&post=174536"}],"curies":[{"name":"wp","href":"https:\/\/api.w.org\/{rel}","templated":true}]}}