{"id":174528,"date":"2018-06-07T18:48:51","date_gmt":"2018-06-07T16:48:51","guid":{"rendered":"http:\/\/www.fuldaer-nachrichten.de\/?p=174528"},"modified":"2018-06-07T18:48:51","modified_gmt":"2018-06-07T16:48:51","slug":"die-grablegungen-konrads-und-henrichs-im-vergleich","status":"publish","type":"post","link":"https:\/\/www.fuldaernachrichten.de\/?p=174528","title":{"rendered":"Die Grablegungen Konrads und Henrichs im Vergleich"},"content":{"rendered":"<p>Zu einem Vortrag unter dem Titel \u201eAequat omnes cinis \u2013 Ein Vergleich der Grablegung der K\u00f6nige Konrad I. und Heinrich I.\u201c l\u00e4dt der Fuldaer Geschichtsverein am Donnerstag, 14. Juni, um 19 Uhr ins Kanzlerpalais (Unterm Heilig Kreuz 1) ein. Referentin ist die Kulturhistorikerin Steffi Bethge aus Quedlinburg. Der Veranstalter l\u00e4dt alle Interessierten zu dem Vortrag ein. Der Eintritt ist wie immer frei.<\/p>\n<p>\u201eIm Sterben und im Tod zeigt sich aber auch das Menschliche jener M\u00e4nner, die zu Lebzeiten \u00fcber mehrere K\u00f6nigreiche herrschten und denen F\u00fcrsten und V\u00f6lker zu F\u00fc\u00dfen lagen.\u201c Dieses Zitat verdeutlicht, dass K\u00f6nige und Kaiser am Ende ihres Lebens nichts von ihren Untertanen unterschied. F\u00fcr die im Jahr 2017 zwischen den St\u00e4dten Fulda und Quedlinburg gestiftete konradinisch-liudolfingische Allianz ist die Thematik \u201eSterben und Tod im Mittelalter\u201c ein wesentliches Thema, denn es f\u00fchrt \u00fcber die bisherigen haupts\u00e4chlich politischen und sozialen Betrachtungen der beiden K\u00f6nige Konrad I. und Heinrich I. sowie ihrer Regierungszeit hinaus. Im Rahmen des Vortrages wird der Frage nachgegangen: Waren Konrad I. und Heinrich I. am Ende ihres Lebens gleich? Dies bezieht sich nicht nur auf die mittelalterlichen Darstellungen des Sterbeprozesses, sondern umfasst dar\u00fcber hinaus die Grablege dieser beiden K\u00f6nige und die damit verbundene Memoria bis in die Gegenwart.<\/p>\n<p>Die Referentin Steffi Bethge M.A. promoviert an der Otto-von-Guericke-Universit\u00e4t Magdeburg zum Thema der liudolfingisch-ottonischen und salischen Herrschert\u00f6chter und ist dar\u00fcber hinaus f\u00fcr den Domschatz Quedlinburg im Bereich Vermittlung t\u00e4tig.<\/p>\n","protected":false},"excerpt":{"rendered":"<div class=\"tmnf_excerpt\"><p>Zu einem Vortrag unter dem Titel \u201eAequat omnes cinis \u2013 Ein Vergleich der Grablegung der K\u00f6nige Konrad I. und Heinrich I.\u201c l\u00e4dt der Fuldaer Geschichtsverein am Donnerstag, 14. Juni, um 19 Uhr ins Kanzlerpalais (Unterm Heilig Kreuz 1) ein. Referentin ist die Kulturhistorikerin Steffi Bethge aus Quedlinburg. Der Veranstalter l\u00e4dt alle Interessierten zu dem Vortrag &hellip;<\/p>\n<\/div>","protected":false},"author":1,"featured_media":174529,"comment_status":"closed","ping_status":"closed","sticky":false,"template":"","format":"standard","meta":{"footnotes":""},"categories":[1],"tags":[],"class_list":["post-174528","post","type-post","status-publish","format-standard","has-post-thumbnail","hentry","category-startseite"],"_links":{"self":[{"href":"https:\/\/www.fuldaernachrichten.de\/index.php?rest_route=\/wp\/v2\/posts\/174528","targetHints":{"allow":["GET"]}}],"collection":[{"href":"https:\/\/www.fuldaernachrichten.de\/index.php?rest_route=\/wp\/v2\/posts"}],"about":[{"href":"https:\/\/www.fuldaernachrichten.de\/index.php?rest_route=\/wp\/v2\/types\/post"}],"author":[{"embeddable":true,"href":"https:\/\/www.fuldaernachrichten.de\/index.php?rest_route=\/wp\/v2\/users\/1"}],"replies":[{"embeddable":true,"href":"https:\/\/www.fuldaernachrichten.de\/index.php?rest_route=%2Fwp%2Fv2%2Fcomments&post=174528"}],"version-history":[{"count":1,"href":"https:\/\/www.fuldaernachrichten.de\/index.php?rest_route=\/wp\/v2\/posts\/174528\/revisions"}],"predecessor-version":[{"id":174530,"href":"https:\/\/www.fuldaernachrichten.de\/index.php?rest_route=\/wp\/v2\/posts\/174528\/revisions\/174530"}],"wp:featuredmedia":[{"embeddable":true,"href":"https:\/\/www.fuldaernachrichten.de\/index.php?rest_route=\/wp\/v2\/media\/174529"}],"wp:attachment":[{"href":"https:\/\/www.fuldaernachrichten.de\/index.php?rest_route=%2Fwp%2Fv2%2Fmedia&parent=174528"}],"wp:term":[{"taxonomy":"category","embeddable":true,"href":"https:\/\/www.fuldaernachrichten.de\/index.php?rest_route=%2Fwp%2Fv2%2Fcategories&post=174528"},{"taxonomy":"post_tag","embeddable":true,"href":"https:\/\/www.fuldaernachrichten.de\/index.php?rest_route=%2Fwp%2Fv2%2Ftags&post=174528"}],"curies":[{"name":"wp","href":"https:\/\/api.w.org\/{rel}","templated":true}]}}