{"id":174519,"date":"2018-06-07T18:43:14","date_gmt":"2018-06-07T16:43:14","guid":{"rendered":"http:\/\/www.fuldaer-nachrichten.de\/?p=174519"},"modified":"2018-06-07T18:43:14","modified_gmt":"2018-06-07T16:43:14","slug":"eingeschraenkte-nutzung-des-spielplatzes-schlossgarten","status":"publish","type":"post","link":"https:\/\/www.fuldaernachrichten.de\/?p=174519","title":{"rendered":"Eingeschr\u00e4nkte Nutzung des Spielplatzes Schlossgarten"},"content":{"rendered":"<p>Kleine Spielfreunde aufgepasst: Aufgrund von Sanierungsarbeiten ist der Spielturm am Spielplatz Schlossgarten ab Donnerstag, 7. Juni, bis voraussichtlich Mittwoch, 20. Juni, nur eingeschr\u00e4nkt nutzbar.<\/p>\n<p>Der Stadt ist die Sicherheit der Kinder ein wichtiges Anliegen, deswegen wird empfohlen den Spielplatz an der Hundeshagenanlage als Alternative in diesem Zeitraum zu nutzen.<\/p>\n<p>Das Amt f\u00fcr Gr\u00fcnfl\u00e4chen und Stadtservice bittet bei Eltern und Kindern\u00c2\u00a0\u00c2\u00a0um Verst\u00e4ndnis und hofft auf ein noch besseres Spielvergn\u00fcgen auf dem Spielplatz Schlossgarten nach den Sanierungsarbeiten.<\/p>\n","protected":false},"excerpt":{"rendered":"<div class=\"tmnf_excerpt\"><p>Kleine Spielfreunde aufgepasst: Aufgrund von Sanierungsarbeiten ist der Spielturm am Spielplatz Schlossgarten ab Donnerstag, 7. Juni, bis voraussichtlich Mittwoch, 20. Juni, nur eingeschr\u00e4nkt nutzbar. Der Stadt ist die Sicherheit der Kinder ein wichtiges Anliegen, deswegen wird empfohlen den Spielplatz an der Hundeshagenanlage als Alternative in diesem Zeitraum zu nutzen. Das Amt f\u00fcr Gr\u00fcnfl\u00e4chen und Stadtservice &hellip;<\/p>\n<\/div>","protected":false},"author":1,"featured_media":174520,"comment_status":"closed","ping_status":"closed","sticky":false,"template":"","format":"standard","meta":{"footnotes":""},"categories":[1],"tags":[],"class_list":["post-174519","post","type-post","status-publish","format-standard","has-post-thumbnail","hentry","category-startseite"],"_links":{"self":[{"href":"https:\/\/www.fuldaernachrichten.de\/index.php?rest_route=\/wp\/v2\/posts\/174519","targetHints":{"allow":["GET"]}}],"collection":[{"href":"https:\/\/www.fuldaernachrichten.de\/index.php?rest_route=\/wp\/v2\/posts"}],"about":[{"href":"https:\/\/www.fuldaernachrichten.de\/index.php?rest_route=\/wp\/v2\/types\/post"}],"author":[{"embeddable":true,"href":"https:\/\/www.fuldaernachrichten.de\/index.php?rest_route=\/wp\/v2\/users\/1"}],"replies":[{"embeddable":true,"href":"https:\/\/www.fuldaernachrichten.de\/index.php?rest_route=%2Fwp%2Fv2%2Fcomments&post=174519"}],"version-history":[{"count":1,"href":"https:\/\/www.fuldaernachrichten.de\/index.php?rest_route=\/wp\/v2\/posts\/174519\/revisions"}],"predecessor-version":[{"id":174521,"href":"https:\/\/www.fuldaernachrichten.de\/index.php?rest_route=\/wp\/v2\/posts\/174519\/revisions\/174521"}],"wp:featuredmedia":[{"embeddable":true,"href":"https:\/\/www.fuldaernachrichten.de\/index.php?rest_route=\/wp\/v2\/media\/174520"}],"wp:attachment":[{"href":"https:\/\/www.fuldaernachrichten.de\/index.php?rest_route=%2Fwp%2Fv2%2Fmedia&parent=174519"}],"wp:term":[{"taxonomy":"category","embeddable":true,"href":"https:\/\/www.fuldaernachrichten.de\/index.php?rest_route=%2Fwp%2Fv2%2Fcategories&post=174519"},{"taxonomy":"post_tag","embeddable":true,"href":"https:\/\/www.fuldaernachrichten.de\/index.php?rest_route=%2Fwp%2Fv2%2Ftags&post=174519"}],"curies":[{"name":"wp","href":"https:\/\/api.w.org\/{rel}","templated":true}]}}