{"id":174514,"date":"2018-06-07T18:40:52","date_gmt":"2018-06-07T16:40:52","guid":{"rendered":"http:\/\/www.fuldaer-nachrichten.de\/?p=174514"},"modified":"2018-06-07T18:40:52","modified_gmt":"2018-06-07T16:40:52","slug":"ansprechpartner-fuer-fragen-rund-um-integration-und-migration","status":"publish","type":"post","link":"https:\/\/www.fuldaernachrichten.de\/?p=174514","title":{"rendered":"Ansprechpartner f\u00fcr Fragen rund um Integration und Migration"},"content":{"rendered":"<p>Seit Oktober 2016 gibt es beim Landkreis Fulda ein Integrationsb\u00fcro, das dem Fachdienst Kommunaler Arbeitsmarkt des Fachbereichs Arbeit und Soziales angegliedert ist. Im August vergangenen Jahres erfolgte der Umzug aus dem Kreisjobcenter ins Beh\u00f6rdenhaus am Schlosspark. Dort befinden sich im zweiten Obergeschoss die B\u00fcros der Leiterin Katharina Michel und ihrer vier Mitarbeiterinnen.<\/p>\n<p>Das Integrationsb\u00fcro steht allen B\u00fcrgerinnen und B\u00fcrgern offen, m\u00f6chte Ansprechpartner f\u00fcr jeden in Fragen rund um Integration und Migration sein und nimmt eine Lotsenfunktion ein. Seine Aufgabe ist es, den Integrationsprozess zu unterst\u00fctzen, indem die in diesem Bereich t\u00e4tigen Akteure vernetzt, Projekte koordiniert sowie Einrichtungen, Tr\u00e4ger und Institutionen beraten werden. Zu den Handlungsfeldern Sprache, Schule und Bildung, Arbeit und Qualifizierung, Wohnen, Ehrenamt, Gesundheit sowie gesellschaftlicher Zusammenleben entwickeln Arbeitsgruppen, denen externe und interne Akteure angeh\u00f6ren, Vorschl\u00e4ge.<\/p>\n<p>Zudem ist das Integrationsb\u00fcro in den verschiedenen Netzwerkgruppen pr\u00e4sent, um die Angebote im Bereich der Integration zu kennen und schnellstm\u00f6glich von den neusten Entwicklungen, Ma\u00dfnahmen und Vorhaben zu erfahren. Beispiele sind das Integrationsnetzwerk oder die Osthessische Initiative gegen Gewalt im Namen der Ehre. Durch ein gemeinsames Zusammenwirken sollen Bedarfe erkannt und L\u00fccken zeitnah geschlossen werden. Aus diesem Grund initiiert das Integrationsb\u00fcro auch eigene Ma\u00dfnahmen und Angebote, die sich sowohl an Mitarbeiterinnen und Mitarbeiter der Kreisverwaltung als auch an Externe wenden.<\/p>\n<p>So k\u00f6nnen \u00fcber das Integrationsb\u00fcro Dolmetscher f\u00fcr Gespr\u00e4che, Arztbesuche, Beratungen und \u00e4hnliches in mittlerweile 27 Sprachen gebucht werden, wobei die gr\u00f6\u00dfte Nachfrage bei Dari und Farsi, eine weit verbreitete persische Sprache in Mittel- und Zentralasien, besteht. Ein anderes Angebot f\u00fcr die Kreisbesch\u00e4ftigten sind interkulturelle Schulungen im Rahmen von hausinternen Fortbildungen. Auch haben Crash-Kurse in Erster Hilfe, Kurse zur Schulung von Verbraucherkompetenz und rechtsstaatlichem Wissen sowie Kurse zum Erwerb des Fahrradf\u00fchrerscheins stattgefunden, die alle gut besucht waren. Weitere Kurse sind in Planung.<\/p>\n<p>Nach Angaben von Katharina Michel ist das Integrationsb\u00fcro in der Fl\u00fcchtlingshilfe mittlerweile gut bekannt und vernetzt. Vor allem die ehrenamtlichen Helfer, von denen nicht wenige selbst einen Migrationshintergrund haben, nutzen es als wichtige Anlaufstation. Die unterschiedlichen Aktivit\u00e4ten flie\u00dfen in die Erarbeitung eines Integrationskonzepts ein. Auch laufen in Zusammenarbeit mit den \u00fcbrigen Akteuren im Bereich von Migration und Integration die Vorbereitungen f\u00fcr eine gemeinsame Webseite und ein Informationsportal. Am Mittwoch, 20. Juni, beginnt um 9.30 Uhr im Kanzlerpalais ein erster Fachtag \u201eForum Integration\u201c.<\/p>\n<p>Kontakt<br \/>\nIntegrationsb\u00fcro Landkreis Fulda<br \/>\nBeh\u00f6rdenhaus am Schlossgarten<br \/>\nHeinrich-von-Bibra-Platz 5-9 (Eingang Kurf\u00fcrstenstra\u00dfe)<br \/>\n36037 Fulda<br \/>\nTel. (0661)6006-8084, E-Mail integrationsbuero@landkreis-fulda.de<\/p>\n","protected":false},"excerpt":{"rendered":"<div class=\"tmnf_excerpt\"><p>Seit Oktober 2016 gibt es beim Landkreis Fulda ein Integrationsb\u00fcro, das dem Fachdienst Kommunaler Arbeitsmarkt des Fachbereichs Arbeit und Soziales angegliedert ist. Im August vergangenen Jahres erfolgte der Umzug aus dem Kreisjobcenter ins Beh\u00f6rdenhaus am Schlosspark. Dort befinden sich im zweiten Obergeschoss die B\u00fcros der Leiterin Katharina Michel und ihrer vier Mitarbeiterinnen. Das Integrationsb\u00fcro steht &hellip;<\/p>\n<\/div>","protected":false},"author":1,"featured_media":174515,"comment_status":"closed","ping_status":"closed","sticky":false,"template":"","format":"standard","meta":{"footnotes":""},"categories":[1],"tags":[],"class_list":["post-174514","post","type-post","status-publish","format-standard","has-post-thumbnail","hentry","category-startseite"],"_links":{"self":[{"href":"https:\/\/www.fuldaernachrichten.de\/index.php?rest_route=\/wp\/v2\/posts\/174514","targetHints":{"allow":["GET"]}}],"collection":[{"href":"https:\/\/www.fuldaernachrichten.de\/index.php?rest_route=\/wp\/v2\/posts"}],"about":[{"href":"https:\/\/www.fuldaernachrichten.de\/index.php?rest_route=\/wp\/v2\/types\/post"}],"author":[{"embeddable":true,"href":"https:\/\/www.fuldaernachrichten.de\/index.php?rest_route=\/wp\/v2\/users\/1"}],"replies":[{"embeddable":true,"href":"https:\/\/www.fuldaernachrichten.de\/index.php?rest_route=%2Fwp%2Fv2%2Fcomments&post=174514"}],"version-history":[{"count":1,"href":"https:\/\/www.fuldaernachrichten.de\/index.php?rest_route=\/wp\/v2\/posts\/174514\/revisions"}],"predecessor-version":[{"id":174516,"href":"https:\/\/www.fuldaernachrichten.de\/index.php?rest_route=\/wp\/v2\/posts\/174514\/revisions\/174516"}],"wp:featuredmedia":[{"embeddable":true,"href":"https:\/\/www.fuldaernachrichten.de\/index.php?rest_route=\/wp\/v2\/media\/174515"}],"wp:attachment":[{"href":"https:\/\/www.fuldaernachrichten.de\/index.php?rest_route=%2Fwp%2Fv2%2Fmedia&parent=174514"}],"wp:term":[{"taxonomy":"category","embeddable":true,"href":"https:\/\/www.fuldaernachrichten.de\/index.php?rest_route=%2Fwp%2Fv2%2Fcategories&post=174514"},{"taxonomy":"post_tag","embeddable":true,"href":"https:\/\/www.fuldaernachrichten.de\/index.php?rest_route=%2Fwp%2Fv2%2Ftags&post=174514"}],"curies":[{"name":"wp","href":"https:\/\/api.w.org\/{rel}","templated":true}]}}