{"id":174512,"date":"2018-06-07T18:39:21","date_gmt":"2018-06-07T16:39:21","guid":{"rendered":"http:\/\/www.fuldaer-nachrichten.de\/?p=174512"},"modified":"2018-06-07T18:39:21","modified_gmt":"2018-06-07T16:39:21","slug":"waeck-woarscht-on-wie-zum-rebbluetenfest-im-weinberg-am-frauenberg","status":"publish","type":"post","link":"https:\/\/www.fuldaernachrichten.de\/?p=174512","title":{"rendered":"W\u00e4ck \u2013 Woarscht on Wie zum Rebbl\u00fctenfest im Weinberg am Frauenberg"},"content":{"rendered":"<p>Der Historische Weinkonvent Fulda l\u00e4dt f\u00fcr Samstag, 9. Juni 2018, von 14.00 -18.30 Uhr zum Rebbl\u00fctenfest mit dem traditionellen monatlichen <b>W\u00e4ck \u2013 Woarscht on Wie <\/b>in den Weinberg am Frauenberg in Fulda ein. Der neue Weinjahrgang \u201eFrauenberger 2017\u201c wird pr\u00e4sentiert, umrahmt von den \u201eFuldaer Stadtmusikanten\u201c. Das \u201eMenuett Ensemble\u201c wird ebenfalls dabei sein.<\/p>\n","protected":false},"excerpt":{"rendered":"<div class=\"tmnf_excerpt\"><p>Der Historische Weinkonvent Fulda l\u00e4dt f\u00fcr Samstag, 9. Juni 2018, von 14.00 -18.30 Uhr zum Rebbl\u00fctenfest mit dem traditionellen monatlichen W\u00e4ck \u2013 Woarscht on Wie in den Weinberg am Frauenberg in Fulda ein. Der neue Weinjahrgang \u201eFrauenberger 2017\u201c wird pr\u00e4sentiert, umrahmt von den \u201eFuldaer Stadtmusikanten\u201c. Das \u201eMenuett Ensemble\u201c wird ebenfalls dabei sein.<\/p>\n<\/div>","protected":false},"author":1,"featured_media":0,"comment_status":"closed","ping_status":"closed","sticky":false,"template":"","format":"standard","meta":{"footnotes":""},"categories":[1],"tags":[],"class_list":["post-174512","post","type-post","status-publish","format-standard","hentry","category-startseite"],"_links":{"self":[{"href":"https:\/\/www.fuldaernachrichten.de\/index.php?rest_route=\/wp\/v2\/posts\/174512","targetHints":{"allow":["GET"]}}],"collection":[{"href":"https:\/\/www.fuldaernachrichten.de\/index.php?rest_route=\/wp\/v2\/posts"}],"about":[{"href":"https:\/\/www.fuldaernachrichten.de\/index.php?rest_route=\/wp\/v2\/types\/post"}],"author":[{"embeddable":true,"href":"https:\/\/www.fuldaernachrichten.de\/index.php?rest_route=\/wp\/v2\/users\/1"}],"replies":[{"embeddable":true,"href":"https:\/\/www.fuldaernachrichten.de\/index.php?rest_route=%2Fwp%2Fv2%2Fcomments&post=174512"}],"version-history":[{"count":1,"href":"https:\/\/www.fuldaernachrichten.de\/index.php?rest_route=\/wp\/v2\/posts\/174512\/revisions"}],"predecessor-version":[{"id":174513,"href":"https:\/\/www.fuldaernachrichten.de\/index.php?rest_route=\/wp\/v2\/posts\/174512\/revisions\/174513"}],"wp:attachment":[{"href":"https:\/\/www.fuldaernachrichten.de\/index.php?rest_route=%2Fwp%2Fv2%2Fmedia&parent=174512"}],"wp:term":[{"taxonomy":"category","embeddable":true,"href":"https:\/\/www.fuldaernachrichten.de\/index.php?rest_route=%2Fwp%2Fv2%2Fcategories&post=174512"},{"taxonomy":"post_tag","embeddable":true,"href":"https:\/\/www.fuldaernachrichten.de\/index.php?rest_route=%2Fwp%2Fv2%2Ftags&post=174512"}],"curies":[{"name":"wp","href":"https:\/\/api.w.org\/{rel}","templated":true}]}}