{"id":174509,"date":"2018-06-07T18:38:45","date_gmt":"2018-06-07T16:38:45","guid":{"rendered":"http:\/\/www.fuldaer-nachrichten.de\/?p=174509"},"modified":"2018-06-07T18:38:45","modified_gmt":"2018-06-07T16:38:45","slug":"buehne-frei-fuer-junge-kuenstler","status":"publish","type":"post","link":"https:\/\/www.fuldaernachrichten.de\/?p=174509","title":{"rendered":"B\u00fchne frei f\u00fcr junge K\u00fcnstler!"},"content":{"rendered":"<p>B\u00fchne frei f\u00fcr die K\u00fcnstler der Musikschule der Stadt Fulda: am Freitag, 15. Juni, um 19 Uhr treten die Sch\u00fcler der Violinklasse Martina Wolf und der Klavierklasse Renate Hunold in der Kapelle des Fuldaer Vonderau-Museums auf.<\/p>\n<p>In einem gemeinsamen Projektkonzert unter dem Motto \u201eNicht allein &#8211; gemeinsam soll es sein!\u00e2\u20ac\u009d tragen junge Solisten Werke verschiedener Epochen vor, dabei stehen Spa\u00df und Musizierfreude stets im Vordergrund. Mit Unterst\u00fctzung der erfahrenen Lehrerinnen lernen die Sch\u00fcler von Anfang an, gemeinsam zu musizieren. Auch wenn viele Teilnehmer noch eine Grundschule oder einen Kindergarten besuchen, steht dem Ensemblespiel nichts im Wege. Ob Trio, Quartett oder ein gro\u00dfes Ensemble \u2013 an diesem Abend ist f\u00fcr jeden was dabei!<\/p>\n","protected":false},"excerpt":{"rendered":"<div class=\"tmnf_excerpt\"><p>B\u00fchne frei f\u00fcr die K\u00fcnstler der Musikschule der Stadt Fulda: am Freitag, 15. Juni, um 19 Uhr treten die Sch\u00fcler der Violinklasse Martina Wolf und der Klavierklasse Renate Hunold in der Kapelle des Fuldaer Vonderau-Museums auf. In einem gemeinsamen Projektkonzert unter dem Motto \u201eNicht allein &#8211; gemeinsam soll es sein!\u00e2\u20ac\u009d tragen junge Solisten Werke verschiedener &hellip;<\/p>\n<\/div>","protected":false},"author":1,"featured_media":174510,"comment_status":"closed","ping_status":"closed","sticky":false,"template":"","format":"standard","meta":{"footnotes":""},"categories":[1],"tags":[],"class_list":["post-174509","post","type-post","status-publish","format-standard","has-post-thumbnail","hentry","category-startseite"],"_links":{"self":[{"href":"https:\/\/www.fuldaernachrichten.de\/index.php?rest_route=\/wp\/v2\/posts\/174509","targetHints":{"allow":["GET"]}}],"collection":[{"href":"https:\/\/www.fuldaernachrichten.de\/index.php?rest_route=\/wp\/v2\/posts"}],"about":[{"href":"https:\/\/www.fuldaernachrichten.de\/index.php?rest_route=\/wp\/v2\/types\/post"}],"author":[{"embeddable":true,"href":"https:\/\/www.fuldaernachrichten.de\/index.php?rest_route=\/wp\/v2\/users\/1"}],"replies":[{"embeddable":true,"href":"https:\/\/www.fuldaernachrichten.de\/index.php?rest_route=%2Fwp%2Fv2%2Fcomments&post=174509"}],"version-history":[{"count":1,"href":"https:\/\/www.fuldaernachrichten.de\/index.php?rest_route=\/wp\/v2\/posts\/174509\/revisions"}],"predecessor-version":[{"id":174511,"href":"https:\/\/www.fuldaernachrichten.de\/index.php?rest_route=\/wp\/v2\/posts\/174509\/revisions\/174511"}],"wp:featuredmedia":[{"embeddable":true,"href":"https:\/\/www.fuldaernachrichten.de\/index.php?rest_route=\/wp\/v2\/media\/174510"}],"wp:attachment":[{"href":"https:\/\/www.fuldaernachrichten.de\/index.php?rest_route=%2Fwp%2Fv2%2Fmedia&parent=174509"}],"wp:term":[{"taxonomy":"category","embeddable":true,"href":"https:\/\/www.fuldaernachrichten.de\/index.php?rest_route=%2Fwp%2Fv2%2Fcategories&post=174509"},{"taxonomy":"post_tag","embeddable":true,"href":"https:\/\/www.fuldaernachrichten.de\/index.php?rest_route=%2Fwp%2Fv2%2Ftags&post=174509"}],"curies":[{"name":"wp","href":"https:\/\/api.w.org\/{rel}","templated":true}]}}