{"id":174505,"date":"2018-06-07T18:37:02","date_gmt":"2018-06-07T16:37:02","guid":{"rendered":"http:\/\/www.fuldaer-nachrichten.de\/?p=174505"},"modified":"2018-06-07T18:37:02","modified_gmt":"2018-06-07T16:37:02","slug":"niederlande-auf-den-spuren-des-heiligen-bonifatius-vom-21-10-25-10-18","status":"publish","type":"post","link":"https:\/\/www.fuldaernachrichten.de\/?p=174505","title":{"rendered":"Niederlande \u2013 Auf den Spuren des Heiligen Bonifatius vom 21.10-25.10.18"},"content":{"rendered":"<p class=\"x_MsoNormal\">Auf Spurensuche des \u201eApostel der Deutschen\u201c \u2013 Das Kolpingwerk im Bistum Fulda f\u00fchrt im Herbst eine Reise in die Niederlande auf den Spuren des Hl. Bonifatius durch.<\/p>\n<p class=\"x_MsoNormal\">Fulda und Bonifatius geh\u00f6ren unweigerlich zusammen. Aber nicht nur in Fulda hat der Missionar seine Spuren hinterlassen. Auch in den Niederlanden hat er einen gro\u00dfen Stellenwert.<\/p>\n<p class=\"x_MsoNormal\">5 t\u00e4gige Reise ab 489,00 \u00e2\u201a\u00ac mit Besuch von Utrecht, Haarlem, Dokkum, Friesland und Mainz<\/p>\n<p class=\"x_MsoNormal\">N\u00e4here Infomationen \u00fcber\u00c2\u00a0<a id=\"LPlnk959075\" class=\"OWAAutoLink\" href=\"http:\/\/www.kolping-fulda.de\/\" target=\"_blank\" rel=\"noopener noreferrer\">www.kolping-fulda.de<\/a>, Tel. 0661-10000. Auf Grund der begrenzten Teilnehmerzahl ist eine Anmeldung bis zum Mittwoch, 13. Juni 2018 erforderlich.<\/p>\n","protected":false},"excerpt":{"rendered":"<div class=\"tmnf_excerpt\"><p>Auf Spurensuche des \u201eApostel der Deutschen\u201c \u2013 Das Kolpingwerk im Bistum Fulda f\u00fchrt im Herbst eine Reise in die Niederlande auf den Spuren des Hl. Bonifatius durch. Fulda und Bonifatius geh\u00f6ren unweigerlich zusammen. Aber nicht nur in Fulda hat der Missionar seine Spuren hinterlassen. Auch in den Niederlanden hat er einen gro\u00dfen Stellenwert. 5 t\u00e4gige &hellip;<\/p>\n<\/div>","protected":false},"author":1,"featured_media":0,"comment_status":"closed","ping_status":"closed","sticky":false,"template":"","format":"standard","meta":{"footnotes":""},"categories":[1],"tags":[],"class_list":["post-174505","post","type-post","status-publish","format-standard","hentry","category-startseite"],"_links":{"self":[{"href":"https:\/\/www.fuldaernachrichten.de\/index.php?rest_route=\/wp\/v2\/posts\/174505","targetHints":{"allow":["GET"]}}],"collection":[{"href":"https:\/\/www.fuldaernachrichten.de\/index.php?rest_route=\/wp\/v2\/posts"}],"about":[{"href":"https:\/\/www.fuldaernachrichten.de\/index.php?rest_route=\/wp\/v2\/types\/post"}],"author":[{"embeddable":true,"href":"https:\/\/www.fuldaernachrichten.de\/index.php?rest_route=\/wp\/v2\/users\/1"}],"replies":[{"embeddable":true,"href":"https:\/\/www.fuldaernachrichten.de\/index.php?rest_route=%2Fwp%2Fv2%2Fcomments&post=174505"}],"version-history":[{"count":1,"href":"https:\/\/www.fuldaernachrichten.de\/index.php?rest_route=\/wp\/v2\/posts\/174505\/revisions"}],"predecessor-version":[{"id":174506,"href":"https:\/\/www.fuldaernachrichten.de\/index.php?rest_route=\/wp\/v2\/posts\/174505\/revisions\/174506"}],"wp:attachment":[{"href":"https:\/\/www.fuldaernachrichten.de\/index.php?rest_route=%2Fwp%2Fv2%2Fmedia&parent=174505"}],"wp:term":[{"taxonomy":"category","embeddable":true,"href":"https:\/\/www.fuldaernachrichten.de\/index.php?rest_route=%2Fwp%2Fv2%2Fcategories&post=174505"},{"taxonomy":"post_tag","embeddable":true,"href":"https:\/\/www.fuldaernachrichten.de\/index.php?rest_route=%2Fwp%2Fv2%2Ftags&post=174505"}],"curies":[{"name":"wp","href":"https:\/\/api.w.org\/{rel}","templated":true}]}}