{"id":174503,"date":"2018-06-07T18:36:26","date_gmt":"2018-06-07T16:36:26","guid":{"rendered":"http:\/\/www.fuldaer-nachrichten.de\/?p=174503"},"modified":"2018-06-07T18:36:26","modified_gmt":"2018-06-07T16:36:26","slug":"aok-krankenstand-erneut-gesunken-aber-werte-liegen-noch-immer-ueber-dem-bundesdurchschnitt","status":"publish","type":"post","link":"https:\/\/www.fuldaernachrichten.de\/?p=174503","title":{"rendered":"AOK-Krankenstand erneut gesunken &#8211; Aber: Werte liegen noch immer \u00fcber dem Bundesdurchschnitt"},"content":{"rendered":"<p>Der Krankenstand unter den Versicherten der AOK Hes-sen ist 2017 im Vergleich zum Jahr davor von 5,6 auf 5,5 Prozentpunkte erneut etwas zur\u00fcckgegangen. Bereits 2016 war der Krankenstand im Vergleich zum Jahr 2015 leicht gesunken. Das zeigt der aktuelle Ge-sundheitsbericht der AOK. Die AOK-versicherten Arbeitnehmer waren 2017 im Durchschnitt 20,2 Tage krankgeschrieben \u2013 auch das ein mode-rater R\u00fcckgang um 0,3 Prozentpunkte. Die durchschnittliche Krankheits-dauer pro Fall lag bei 11,4 Tagen. Bundesweit lag der Krankenstand un-ter AOK-Versicherten im Durchschnitt bei 5,3 Prozent.<br \/>\nBesonders hoch war der Krankenstand mit 7,1 Prozent im Februar 2017, be-sonders niedrig im Juli (4,8 Prozent). Diese Werte spiegeln insbesondere das Erk\u00e4ltungs- und Grippegeschehen in den Wintermonaten wider. Der Anteil von Arbeitsunf\u00e4higkeitsf\u00e4llen mit einer Dauer von mehr als sechs Wochen betrug 3,6 Prozent. Diese Langzeiterkrankungen verursachten jedoch 38,7 Prozent aller AU-Tage. Die Branche Energie\/Wasser\/Entsorgung\/Bergbau hatte mit 7,7 Prozent den h\u00f6chsten Krankenstand. Der niedrigste Wert war im Wirt-schaftszweig Banken\/Versicherungen mit 3,8 Prozent festzustellen.<\/p>\n<p><em><strong>Betriebliche Gesundheitsf\u00f6rderung hilft<\/strong> <\/em><br \/>\nFehlzeiten haben f\u00fcr Mitarbeiter wie Unternehmen besondere organisatori-sche, soziale und pers\u00f6nliche Belastungen zur Folge. \u201eDie Unternehmen sind aber auf gesunde Besch\u00e4ftigte aller Altersgruppen angewiesen und immer st\u00e4rker auch auf \u00e4ltere Besch\u00e4ftigte, da das Erwerbspersonenpotenzial in Deutschland zuk\u00fcnftig sinken wird\u201c, sagt AOK-Unternehmenssprecher Ralf Metzger. Die AOK Hessen ist deshalb seit vielen Jahren in der Betrieblichen Gesundheitsf\u00f6rderung (BGF) aktiv und kann interessierten Unternehmen hier ma\u00dfgeschneiderte Angebote erstellen. Dazu geh\u00f6ren z. B. betriebsspezifi-sche Analysen, Prozessbegleitung und Steuerung von BGF-Ma\u00dfnahmen, passgenaue Gesundheitsprogramme und ein Erfolgscontrolling. Krankheits-bedingte Fehlzeiten sind sowohl f\u00fcr Betriebe und Verwaltungen als auch f\u00fcr Krankenkassen und die Volkswirtschaft insgesamt mit erheblichen Kosten verbunden. Nach Sch\u00e4tzungen der Bundesanstalt f\u00fcr Arbeitsschutz und Ar-beitsmedizin betrugen belief sich der Verlust an Arbeitsproduktivit\u00e4t durch Ar-beitsunf\u00e4higkeit im Jahr 2016 auf ca. 133 Mrd. Euro.<\/p>\n","protected":false},"excerpt":{"rendered":"<div class=\"tmnf_excerpt\"><p>Der Krankenstand unter den Versicherten der AOK Hes-sen ist 2017 im Vergleich zum Jahr davor von 5,6 auf 5,5 Prozentpunkte erneut etwas zur\u00fcckgegangen. Bereits 2016 war der Krankenstand im Vergleich zum Jahr 2015 leicht gesunken. Das zeigt der aktuelle Ge-sundheitsbericht der AOK. Die AOK-versicherten Arbeitnehmer waren 2017 im Durchschnitt 20,2 Tage krankgeschrieben \u2013 auch das &hellip;<\/p>\n<\/div>","protected":false},"author":1,"featured_media":0,"comment_status":"closed","ping_status":"closed","sticky":false,"template":"","format":"standard","meta":{"footnotes":""},"categories":[1],"tags":[],"class_list":["post-174503","post","type-post","status-publish","format-standard","hentry","category-startseite"],"_links":{"self":[{"href":"https:\/\/www.fuldaernachrichten.de\/index.php?rest_route=\/wp\/v2\/posts\/174503","targetHints":{"allow":["GET"]}}],"collection":[{"href":"https:\/\/www.fuldaernachrichten.de\/index.php?rest_route=\/wp\/v2\/posts"}],"about":[{"href":"https:\/\/www.fuldaernachrichten.de\/index.php?rest_route=\/wp\/v2\/types\/post"}],"author":[{"embeddable":true,"href":"https:\/\/www.fuldaernachrichten.de\/index.php?rest_route=\/wp\/v2\/users\/1"}],"replies":[{"embeddable":true,"href":"https:\/\/www.fuldaernachrichten.de\/index.php?rest_route=%2Fwp%2Fv2%2Fcomments&post=174503"}],"version-history":[{"count":1,"href":"https:\/\/www.fuldaernachrichten.de\/index.php?rest_route=\/wp\/v2\/posts\/174503\/revisions"}],"predecessor-version":[{"id":174504,"href":"https:\/\/www.fuldaernachrichten.de\/index.php?rest_route=\/wp\/v2\/posts\/174503\/revisions\/174504"}],"wp:attachment":[{"href":"https:\/\/www.fuldaernachrichten.de\/index.php?rest_route=%2Fwp%2Fv2%2Fmedia&parent=174503"}],"wp:term":[{"taxonomy":"category","embeddable":true,"href":"https:\/\/www.fuldaernachrichten.de\/index.php?rest_route=%2Fwp%2Fv2%2Fcategories&post=174503"},{"taxonomy":"post_tag","embeddable":true,"href":"https:\/\/www.fuldaernachrichten.de\/index.php?rest_route=%2Fwp%2Fv2%2Ftags&post=174503"}],"curies":[{"name":"wp","href":"https:\/\/api.w.org\/{rel}","templated":true}]}}