{"id":174494,"date":"2018-06-07T18:32:24","date_gmt":"2018-06-07T16:32:24","guid":{"rendered":"http:\/\/www.fuldaer-nachrichten.de\/?p=174494"},"modified":"2018-06-07T18:32:24","modified_gmt":"2018-06-07T16:32:24","slug":"die-dioezesan-caritas-fulda-bietet-seniorinnen-und-senioren-attraktive-erholungs-und-kulturfahrten-an-am-12-september-zudem-tagesausflug-nach-hannoversch-muenden","status":"publish","type":"post","link":"https:\/\/www.fuldaernachrichten.de\/?p=174494","title":{"rendered":"Die Di\u00f6zesan-Caritas Fulda bietet Seniorinnen und Senioren attraktive Erholungs- und Kulturfahrten an \u2013 am 12. September zudem Tagesausflug  nach Hannoversch M\u00fcnden"},"content":{"rendered":"<p>Das diesj\u00e4hrige Seniorenreisen-Programm der Caritas ist bereits angelaufen \u2013 noch bis Oktober gibt es viele attraktive und auf die Bedarfe von \u00e4lteren Menschen zugeschnittene k\u00fcrzere und l\u00e4ngere Reisen mit Zielen in der N\u00e4he oder weiter entfernt, im Norden am Meer oder im S\u00fcden in bergiger Landschaft.\u00c2\u00a0 Alle reisen sind speziell auf die W\u00fcnsche und Bedarfe \u00e4lterer Menschen zugeschnitten, die zwar gerne reisen, sich dabei aber gut\u00c2\u00a0 betreut wissen wollen und gerne auch Angebote zur Gestaltung der Freizeit vor Ort annehmen. Zudem sind die angesteuerten Quartiere barrierefrei, und auch notwendige Pflegehilfe kann vor Ort organisiert werden.<\/p>\n<p>Neu ins Programm gekommen ist jetzt noch ein Tagesausflug nach Hannoversch M\u00fcnden, das lauschige Fachwerkst\u00e4dtchen am Zusammenfluss von Werra und Fulda zur Weser. Die Abfahrt an diesem Tag ist um 9 Uhr geplant, die R\u00fcckkehr wird um 18.30 Uhr sein. Geboten werden eine Schifffahrt, eine Stadtf\u00fchrung der kurzen Wege speziell f\u00fcr Senioren sowie ein inklusiver Kaffee im Caf\u00e9 \u00c4gidius. Die Kosten je Teilnehmer f\u00fcr die genannten Leistungen belaufen sich auf 38 Euro. Bei Interesse wird bis 25. August.2018 um telefonische Anmeldung gebeten.<\/p>\n<p>Noch mitreisen k\u00f6nnen interessierte Seniorinnen und Senioren zudem auch nach Bad Wildungen in Nordhessen vom <strong>13. \u2013 25. August 2018<\/strong>, nach Bad Neuenahr-Ahrweiler vom 24. August bis 3. September 2018 sowie nach Bad Bocklet in der bayrischen Rh\u00f6n <strong>\u00c2\u00a03. \u2013 13. September 2018. <\/strong><\/p>\n<p>Das Jahresprogramm der Caritas-Seniorenreisen kann kostenlos und unverbindlich angefordert werden beim Caritasverband f\u00fcr die Di\u00f6zese Fulda (Tel.0661 \/ 2428-131 oder per E-Mail unter <a href=\"mailto:simone.moeller@caritas-fulda.de\">simone.moeller@caritas-fulda.de<\/a>. F\u00fcr die Selbstabholer unter den Interessenten wird der Katalog ohne Vorbestellung ganz einfach im Caritas-Laden am Dom in der Kanalstra\u00dfe 7 \u00fcberreicht. Und auch online unter <a href=\"http:\/\/www.caritas-fulda.de\/\">www.caritas-fulda.de<\/a> kann man sich informieren: Alle angebotenen Reisen sind dort ausf\u00fchrlich beschrieben \u2013 dazu bitte einfach auf der Eingangsseite die entsprechende \u201eKachel\u201c f\u00fcr Seniorenreisen anklicken!<\/p>\n","protected":false},"excerpt":{"rendered":"<div class=\"tmnf_excerpt\"><p>Das diesj\u00e4hrige Seniorenreisen-Programm der Caritas ist bereits angelaufen \u2013 noch bis Oktober gibt es viele attraktive und auf die Bedarfe von \u00e4lteren Menschen zugeschnittene k\u00fcrzere und l\u00e4ngere Reisen mit Zielen in der N\u00e4he oder weiter entfernt, im Norden am Meer oder im S\u00fcden in bergiger Landschaft.\u00c2\u00a0 Alle reisen sind speziell auf die W\u00fcnsche und Bedarfe &hellip;<\/p>\n<\/div>","protected":false},"author":1,"featured_media":0,"comment_status":"closed","ping_status":"closed","sticky":false,"template":"","format":"standard","meta":{"footnotes":""},"categories":[1],"tags":[],"class_list":["post-174494","post","type-post","status-publish","format-standard","hentry","category-startseite"],"_links":{"self":[{"href":"https:\/\/www.fuldaernachrichten.de\/index.php?rest_route=\/wp\/v2\/posts\/174494","targetHints":{"allow":["GET"]}}],"collection":[{"href":"https:\/\/www.fuldaernachrichten.de\/index.php?rest_route=\/wp\/v2\/posts"}],"about":[{"href":"https:\/\/www.fuldaernachrichten.de\/index.php?rest_route=\/wp\/v2\/types\/post"}],"author":[{"embeddable":true,"href":"https:\/\/www.fuldaernachrichten.de\/index.php?rest_route=\/wp\/v2\/users\/1"}],"replies":[{"embeddable":true,"href":"https:\/\/www.fuldaernachrichten.de\/index.php?rest_route=%2Fwp%2Fv2%2Fcomments&post=174494"}],"version-history":[{"count":1,"href":"https:\/\/www.fuldaernachrichten.de\/index.php?rest_route=\/wp\/v2\/posts\/174494\/revisions"}],"predecessor-version":[{"id":174495,"href":"https:\/\/www.fuldaernachrichten.de\/index.php?rest_route=\/wp\/v2\/posts\/174494\/revisions\/174495"}],"wp:attachment":[{"href":"https:\/\/www.fuldaernachrichten.de\/index.php?rest_route=%2Fwp%2Fv2%2Fmedia&parent=174494"}],"wp:term":[{"taxonomy":"category","embeddable":true,"href":"https:\/\/www.fuldaernachrichten.de\/index.php?rest_route=%2Fwp%2Fv2%2Fcategories&post=174494"},{"taxonomy":"post_tag","embeddable":true,"href":"https:\/\/www.fuldaernachrichten.de\/index.php?rest_route=%2Fwp%2Fv2%2Ftags&post=174494"}],"curies":[{"name":"wp","href":"https:\/\/api.w.org\/{rel}","templated":true}]}}