{"id":174488,"date":"2018-06-07T18:30:34","date_gmt":"2018-06-07T16:30:34","guid":{"rendered":"http:\/\/www.fuldaer-nachrichten.de\/?p=174488"},"modified":"2018-06-07T18:30:34","modified_gmt":"2018-06-07T16:30:34","slug":"fuehrung-alten-und-pflegeheim-haus-emmaus-2","status":"publish","type":"post","link":"https:\/\/www.fuldaernachrichten.de\/?p=174488","title":{"rendered":"F\u00fchrung Alten- und Pflegeheim Haus Emmaus"},"content":{"rendered":"<p>Am Mittwoch, 13. Juni, wird eine F\u00fchrung durch das Alten- und Pflegeheim Haus Emmaus angeboten. Treffpunkt ist um 10 Uhr im Eingang. Zur Planung wird eine Anmeldung unter Telefon 90211-0 gew\u00fcnscht.<br \/>\nDas Evangelische Alten- und Pflegeheim Haus Emmaus befindet sich im Gerloser Weg 11 (Eingang Klosterweg) am Frauenberg unterhalb des bekannten Franziskaner Klosters. Als evangelische Einrichtung der Diakonie bietet es in seinem Geb\u00e4ude aus der Gr\u00fcnderzeit umfangreiche Pflege- und Betreuungsleistungen f\u00fcr insgesamt 45 Damen und Herren in stilvollem Ambiente an.<br \/>\nEine leitende Mitarbeiterin steht bereit, um Interessierte die Einrichtung zu zeigen und \u00fcber die Konditionen sowie den Ablauf eines Einzugs zu informieren.<\/p>\n","protected":false},"excerpt":{"rendered":"<div class=\"tmnf_excerpt\"><p>Am Mittwoch, 13. Juni, wird eine F\u00fchrung durch das Alten- und Pflegeheim Haus Emmaus angeboten. Treffpunkt ist um 10 Uhr im Eingang. Zur Planung wird eine Anmeldung unter Telefon 90211-0 gew\u00fcnscht. Das Evangelische Alten- und Pflegeheim Haus Emmaus befindet sich im Gerloser Weg 11 (Eingang Klosterweg) am Frauenberg unterhalb des bekannten Franziskaner Klosters. Als evangelische &hellip;<\/p>\n<\/div>","protected":false},"author":1,"featured_media":0,"comment_status":"closed","ping_status":"closed","sticky":false,"template":"","format":"standard","meta":{"footnotes":""},"categories":[1],"tags":[],"class_list":["post-174488","post","type-post","status-publish","format-standard","hentry","category-startseite"],"_links":{"self":[{"href":"https:\/\/www.fuldaernachrichten.de\/index.php?rest_route=\/wp\/v2\/posts\/174488","targetHints":{"allow":["GET"]}}],"collection":[{"href":"https:\/\/www.fuldaernachrichten.de\/index.php?rest_route=\/wp\/v2\/posts"}],"about":[{"href":"https:\/\/www.fuldaernachrichten.de\/index.php?rest_route=\/wp\/v2\/types\/post"}],"author":[{"embeddable":true,"href":"https:\/\/www.fuldaernachrichten.de\/index.php?rest_route=\/wp\/v2\/users\/1"}],"replies":[{"embeddable":true,"href":"https:\/\/www.fuldaernachrichten.de\/index.php?rest_route=%2Fwp%2Fv2%2Fcomments&post=174488"}],"version-history":[{"count":1,"href":"https:\/\/www.fuldaernachrichten.de\/index.php?rest_route=\/wp\/v2\/posts\/174488\/revisions"}],"predecessor-version":[{"id":174489,"href":"https:\/\/www.fuldaernachrichten.de\/index.php?rest_route=\/wp\/v2\/posts\/174488\/revisions\/174489"}],"wp:attachment":[{"href":"https:\/\/www.fuldaernachrichten.de\/index.php?rest_route=%2Fwp%2Fv2%2Fmedia&parent=174488"}],"wp:term":[{"taxonomy":"category","embeddable":true,"href":"https:\/\/www.fuldaernachrichten.de\/index.php?rest_route=%2Fwp%2Fv2%2Fcategories&post=174488"},{"taxonomy":"post_tag","embeddable":true,"href":"https:\/\/www.fuldaernachrichten.de\/index.php?rest_route=%2Fwp%2Fv2%2Ftags&post=174488"}],"curies":[{"name":"wp","href":"https:\/\/api.w.org\/{rel}","templated":true}]}}