{"id":174471,"date":"2018-06-06T07:32:08","date_gmt":"2018-06-06T05:32:08","guid":{"rendered":"http:\/\/www.fuldaer-nachrichten.de\/?p=174471"},"modified":"2018-06-06T07:32:08","modified_gmt":"2018-06-06T05:32:08","slug":"kindermatinee-der-staedtischen-musikschule-von-orff-instrumenten-bis-zum-trompetenensemble","status":"publish","type":"post","link":"https:\/\/www.fuldaernachrichten.de\/?p=174471","title":{"rendered":"Kindermatin\u00e9e der St\u00e4dtischen Musikschule &#8211; Von Orff-Instrumenten bis zum Trompetenensemble"},"content":{"rendered":"<p>Bei der Kindermatin\u00e9e der St\u00e4dtischen Musikschule Fulda haben die j\u00fcngsten Sch\u00fclerinnen und Sch\u00fcler in der gut gef\u00fcllten Aula der Alten Universit\u00e4t in einem abwechslungsreichen Programm aus Solo- und Ensemblebeitr\u00e4gen ihr K\u00f6nnen pr\u00e4sentiert.<\/p>\n<p>Unbefangen singend und auf Orff-Instrumenten spielend, er\u00f6ffneten die Kinder der Musikalischen Fr\u00fcherziehung das Konzert mit zwei Liedern. Die daran anschlie\u00dfenden Solobeitr\u00e4ge waren nach Instrumenten gegliedert, was sich positiv auf die Regiezeiten und damit auch auf die Aufmerksamkeit des jungen Publikums auswirkte. Mit drei sch\u00f6n vorgetragenen St\u00fccken aus der Russischen Klavierschule pr\u00e4sentierten sich Cornelius Reger sowie Theresa und Madlena Kre\u00df. Energisch zupackend spielte Florian Bajrami den \u201eIndianertanz\u201c von Michael Aaron und \u201eAuf dem Meer\u201c seines Klavierlehrers Frank Seifert. Konrad Kaffanke \u00fcberzeugte in \u201eFlood Time\u201c von Erik Thiman durch differenzierte klangliche und agogische Gestaltung. Rhythmisch lebendig erklang ein Tango von Matyas Seiber, vierh\u00e4ndig gespielt von Luca Bott und Paula Heise. Der Programmteil \u201eKlavierwelten\u201c schloss mit dem beliebten \u201eRondo alla turca\u201c von Wolfgang Amadeus Mozart, souver\u00e4n und klanglich differenziert vorgetragen von Erik Oldenburg.<\/p>\n<p>Katharina Hoos (Querfl\u00f6te) gefiel in zwei St\u00fccken aus \u201eClowns\u201c von Paul Harris durch rhythmische Sicherheit und sch\u00f6nen Ton. Ebenfalls auf der Querfl\u00f6te erfreute Clara Dahlmann das Publikum mit dem pfiffig vorgetragenen Dauerhit \u201eHey, Pippi Langstrumpf\u201c. Mit singendem Ton spielte Johanna Schilde (Violine) den zweiten Satz aus dem Concerto h-Moll von Oskar Rieding. Johanna und Maria Boschmann (Violine und Klavier) gefielen in drei kurzen, pr\u00e4gnant gespielten St\u00fccken von Adam Carse. In der musikalischen Szene \u201eVerflixt! Ist denn keiner zu Hause?\u201c von Christine L\u00f6hr, gut gelaunt pr\u00e4sentiert von Jana Gro\u00df (Cello), gab es moderne Spieltechniken wie Klopfen mit dem Bogen und Glissando zu h\u00f6ren. Josephine Seibert (Cello) spielte zusammen mit ihrem Lehrer Jochen Fuchs ein Duett aus der Bauernkantate von Johann Sebastian Bach. Anschlie\u00dfend brachte Sonnwin Meindl (Cello) das Publikum mit \u201eOver the Rainbow\u201c von Harold Arlen zum Tr\u00e4umen. Schwungvoll und musikantisch spielten Jan Tukscher (Cello) und Alina Kisner (Klavier) einen Tanz von Adam Carse.<\/p>\n<p>Zum Abschluss des Programms pr\u00e4sentierten sich die Ensembles. Rhythmisch lebendig erklang der tschechische Volkstanz \u201eAnouschka\u201c in einer gr\u00f6\u00dferen Besetzung aus Violinen und Celli. Dass man auch in ungew\u00f6hnlicher Besetzung mit Freude musizieren kann, bewies das \u201ekleine Sympathieorchester\u201c, gegenw\u00e4rtig bestehend aus zwei Violinen, Cello und Schlagwerk, in Arrangements des Schlagers \u201eProbier\u00e2\u20ac\u2122s mal mit Gem\u00fctlichkeit\u201c und der Mozart-Arie \u201eDer Vogelf\u00e4nger bin ich ja\u201c. Mit \u201eSomething\u201c von George Harrison und dem Thema aus \u201eHawaii-five-0\u201c von Morton Stevens brachte das lebhaft aufspielende Trompetenensemble \u201eTrombi Crescendo\u201c unter der Leitung von J\u00fcrgen Vautz die Aula zum Beben. Das Klarinettenensemble beschloss das Programm mit f\u00fcnf kurzen, farbenreich und differenziert gespielten S\u00e4tzen aus \u201ePeter und der Wolf\u201c von Sergei Prokofiev.<\/p>\n<p>&nbsp;<\/p>\n<p>Bild: <i>Josephine Seibert (Cello) spielte zusammen mit ihrem Lehrer Jochen Fuchs ein Duett aus der Bauernkantate von Johann Sebastian Bach. Foto: Musikschule der Stadt Fulda<\/i><\/p>\n","protected":false},"excerpt":{"rendered":"<div class=\"tmnf_excerpt\"><p>Bei der Kindermatin\u00e9e der St\u00e4dtischen Musikschule Fulda haben die j\u00fcngsten Sch\u00fclerinnen und Sch\u00fcler in der gut gef\u00fcllten Aula der Alten Universit\u00e4t in einem abwechslungsreichen Programm aus Solo- und Ensemblebeitr\u00e4gen ihr K\u00f6nnen pr\u00e4sentiert. Unbefangen singend und auf Orff-Instrumenten spielend, er\u00f6ffneten die Kinder der Musikalischen Fr\u00fcherziehung das Konzert mit zwei Liedern. Die daran anschlie\u00dfenden Solobeitr\u00e4ge waren nach &hellip;<\/p>\n<\/div>","protected":false},"author":1,"featured_media":174472,"comment_status":"closed","ping_status":"closed","sticky":false,"template":"","format":"standard","meta":{"footnotes":""},"categories":[1],"tags":[],"class_list":["post-174471","post","type-post","status-publish","format-standard","has-post-thumbnail","hentry","category-startseite"],"_links":{"self":[{"href":"https:\/\/www.fuldaernachrichten.de\/index.php?rest_route=\/wp\/v2\/posts\/174471","targetHints":{"allow":["GET"]}}],"collection":[{"href":"https:\/\/www.fuldaernachrichten.de\/index.php?rest_route=\/wp\/v2\/posts"}],"about":[{"href":"https:\/\/www.fuldaernachrichten.de\/index.php?rest_route=\/wp\/v2\/types\/post"}],"author":[{"embeddable":true,"href":"https:\/\/www.fuldaernachrichten.de\/index.php?rest_route=\/wp\/v2\/users\/1"}],"replies":[{"embeddable":true,"href":"https:\/\/www.fuldaernachrichten.de\/index.php?rest_route=%2Fwp%2Fv2%2Fcomments&post=174471"}],"version-history":[{"count":1,"href":"https:\/\/www.fuldaernachrichten.de\/index.php?rest_route=\/wp\/v2\/posts\/174471\/revisions"}],"predecessor-version":[{"id":174473,"href":"https:\/\/www.fuldaernachrichten.de\/index.php?rest_route=\/wp\/v2\/posts\/174471\/revisions\/174473"}],"wp:featuredmedia":[{"embeddable":true,"href":"https:\/\/www.fuldaernachrichten.de\/index.php?rest_route=\/wp\/v2\/media\/174472"}],"wp:attachment":[{"href":"https:\/\/www.fuldaernachrichten.de\/index.php?rest_route=%2Fwp%2Fv2%2Fmedia&parent=174471"}],"wp:term":[{"taxonomy":"category","embeddable":true,"href":"https:\/\/www.fuldaernachrichten.de\/index.php?rest_route=%2Fwp%2Fv2%2Fcategories&post=174471"},{"taxonomy":"post_tag","embeddable":true,"href":"https:\/\/www.fuldaernachrichten.de\/index.php?rest_route=%2Fwp%2Fv2%2Ftags&post=174471"}],"curies":[{"name":"wp","href":"https:\/\/api.w.org\/{rel}","templated":true}]}}