{"id":174465,"date":"2018-06-06T07:30:58","date_gmt":"2018-06-06T05:30:58","guid":{"rendered":"http:\/\/www.fuldaer-nachrichten.de\/?p=174465"},"modified":"2018-06-06T07:30:58","modified_gmt":"2018-06-06T05:30:58","slug":"hessentagsbuero-und-tourist-information-am-marktplatz-eroeffnet","status":"publish","type":"post","link":"https:\/\/www.fuldaernachrichten.de\/?p=174465","title":{"rendered":"Hessentagsb\u00fcro und Tourist-Information am Marktplatz er\u00f6ffnet"},"content":{"rendered":"<p>Ab heute alles unter einem Dach: Der Kurbetrieb ist jetzt auch in der Stadtbibliothek Am Markt 1 vertreten. Damit sind nun Kartenzentrale, Tourist-Information, B\u00fccherei und das Hessentagsb\u00fcro alle unter einem Dach zu finden.<\/p>\n<p>B\u00fcrgermeister Thomas Fehling verspricht sich davon einen noch besseren B\u00fcrgerservice. Die Kolleginnen und Kollegen k\u00f6nnen sich bei hohem Andrang gegenseitig unterst\u00fctzen.<\/p>\n<p>Begeistert zeigte sich Fehling von den Erfahrungen des Hessentages in Korbach, der am Sonntag zu Ende ging. Die gro\u00dfartige Stimmung, das offene Ohr der dortigen Kolleginnen und Kollegen und die vielen praktischen Erkenntnisse h\u00e4tten auch die Bad Hersfelder Batterien geh\u00f6rig aufgeladen.<\/p>\n<p>Fehling dazu: \u201eDiesen Schwung wollen wir mitnehmen, denn unser Hessentag wird noch viel Arbeit erfordern. Aber hierf\u00fcr haben wir jetzt gute Voraussetzungen geschaffen.\u201c<\/p>\n<p>Zum einen ist eine konzentrierte pers\u00f6nliche G\u00e4stebetreuung in zentraler Lage gew\u00e4hrleistet. Zum zweiten sind auch die dahinterstehenden Verwaltungseinheiten von Hessentagsteam, Kurbetrieb und Kartenzentrale nun gemeinsam an einem Ort untergebracht. \u201eDas verbessert die Zusammenarbeit.\u201c<\/p>\n<p>Zeitgleich mit der Er\u00f6ffnung des Hessentags-B\u00fcros wurde auch die neue Internetpr\u00e4senz f\u00fcr den Hessentag 2019 unter <a href=\"x-webdoc:\/\/98F3A961-A0D7-47C4-BAE7-3945ECC9D6FA\/www.hessentag2019.de\">www.hessentag2019.de<\/a> online geschaltet.<\/p>\n<p>Die offizielle Facebook-Seite des Hessentages 2019 finden sie unter <a href=\"https:\/\/www.facebook.com\/HessentagBadHersfeld2019\/\">https:\/\/www.facebook.com\/HessentagBadHersfeld2019\/<\/a>.<\/p>\n<p>Die Hessentagsbeauftragte Anke Hofmann und ihr Team k\u00f6nnen Sie nat\u00fcrlich nach wie vor per E-Mail unter <a href=\"mailto:hessentag2019@bad-hersfeld.de\">hessentag2019@bad-hersfeld.de<\/a> erreichen.<\/p>\n","protected":false},"excerpt":{"rendered":"<div class=\"tmnf_excerpt\"><p>Ab heute alles unter einem Dach: Der Kurbetrieb ist jetzt auch in der Stadtbibliothek Am Markt 1 vertreten. Damit sind nun Kartenzentrale, Tourist-Information, B\u00fccherei und das Hessentagsb\u00fcro alle unter einem Dach zu finden. B\u00fcrgermeister Thomas Fehling verspricht sich davon einen noch besseren B\u00fcrgerservice. Die Kolleginnen und Kollegen k\u00f6nnen sich bei hohem Andrang gegenseitig unterst\u00fctzen. Begeistert &hellip;<\/p>\n<\/div>","protected":false},"author":1,"featured_media":174467,"comment_status":"closed","ping_status":"closed","sticky":false,"template":"","format":"standard","meta":{"footnotes":""},"categories":[1],"tags":[],"class_list":["post-174465","post","type-post","status-publish","format-standard","has-post-thumbnail","hentry","category-startseite"],"_links":{"self":[{"href":"https:\/\/www.fuldaernachrichten.de\/index.php?rest_route=\/wp\/v2\/posts\/174465","targetHints":{"allow":["GET"]}}],"collection":[{"href":"https:\/\/www.fuldaernachrichten.de\/index.php?rest_route=\/wp\/v2\/posts"}],"about":[{"href":"https:\/\/www.fuldaernachrichten.de\/index.php?rest_route=\/wp\/v2\/types\/post"}],"author":[{"embeddable":true,"href":"https:\/\/www.fuldaernachrichten.de\/index.php?rest_route=\/wp\/v2\/users\/1"}],"replies":[{"embeddable":true,"href":"https:\/\/www.fuldaernachrichten.de\/index.php?rest_route=%2Fwp%2Fv2%2Fcomments&post=174465"}],"version-history":[{"count":1,"href":"https:\/\/www.fuldaernachrichten.de\/index.php?rest_route=\/wp\/v2\/posts\/174465\/revisions"}],"predecessor-version":[{"id":174468,"href":"https:\/\/www.fuldaernachrichten.de\/index.php?rest_route=\/wp\/v2\/posts\/174465\/revisions\/174468"}],"wp:featuredmedia":[{"embeddable":true,"href":"https:\/\/www.fuldaernachrichten.de\/index.php?rest_route=\/wp\/v2\/media\/174467"}],"wp:attachment":[{"href":"https:\/\/www.fuldaernachrichten.de\/index.php?rest_route=%2Fwp%2Fv2%2Fmedia&parent=174465"}],"wp:term":[{"taxonomy":"category","embeddable":true,"href":"https:\/\/www.fuldaernachrichten.de\/index.php?rest_route=%2Fwp%2Fv2%2Fcategories&post=174465"},{"taxonomy":"post_tag","embeddable":true,"href":"https:\/\/www.fuldaernachrichten.de\/index.php?rest_route=%2Fwp%2Fv2%2Ftags&post=174465"}],"curies":[{"name":"wp","href":"https:\/\/api.w.org\/{rel}","templated":true}]}}