{"id":174451,"date":"2018-06-06T07:27:38","date_gmt":"2018-06-06T05:27:38","guid":{"rendered":"http:\/\/www.fuldaer-nachrichten.de\/?p=174451"},"modified":"2018-06-06T07:27:38","modified_gmt":"2018-06-06T05:27:38","slug":"bbz-mitte-gmbh-erhaelt-das-praedikat-zugelassener-schulungsanbieter-fuer-qm-fachpersonal-nach-iso-iec-170242012-bei-tqcert","status":"publish","type":"post","link":"https:\/\/www.fuldaernachrichten.de\/?p=174451","title":{"rendered":"BBZ Mitte GmbH erh\u00e4lt das Pr\u00e4dikat zugelassener Schulungsanbieter f\u00fcr QM-Fachpersonal nach ISO\/IEC 17024:2012 bei TQCert"},"content":{"rendered":"<p>Die BBZ Mitte GmbH hat vor der akkreditierten Zertifizierungsstelle TQCert in Kassel ihre Eignung zur Durchf\u00fchrung von Lehrg\u00e4ngen zur Ausbildung von QM-Fachpersonal nach dem IAF-Leitfaden der ISO\/IEC 17024:2012 und dem Leitfaden zur Zertifizierung von QM-Fachpersonal nachgewiesen.<\/p>\n<p>Insbesondere besitzen die Leitung und die Lehrkr\u00e4fte die p\u00e4dagogisch-fachlichen Kompetenz, sowie die berufliche Erfahrung f\u00fcr die Durchf\u00fchrung von Weiterbildungsma\u00dfnahmen zur Qualifizierung als: 1) Qualit\u00e4tsfachkraft, 2) Qualit\u00e4tsbeauftragter, 3) Qualit\u00e4tsmanager, 4) Interne Auditor, sowie als 5) QM-Fachkraft, und 6) QM-Beauftragten.<\/p>\n<p>Durch neue Kooperation mit der TQCert hat das BBZ Mitte innovative Pr\u00fcflehrg\u00e4nge speziell f\u00fcr die Meister entwickelt. Die Teilnehmer in den Meistervorbereitungskursen m\u00fcssen eine gewisse Menge der Inhalte \u00fcber das Qualit\u00e4tsmanagement innerhalb des Rahmenlehrplans lernen. Dieser Teil wird als Basis zur Absolvierung der zus\u00e4tzlichen Weiterbildung zur Qualit\u00e4tsfachkraft durch die QCert anerkannt und die Meister k\u00f6nnen nur die fehlenden Inhalte im BBZ Mitte unterrichtet bekommen, um sich als zertifiziertes QM-Fachpersonal weiterzuentwickeln. So k\u00f6nnen sie fast ein Drittel bis zur H\u00e4lfte des Kurses sparen.<\/p>\n<p>Das BBZ Mitte ist ein starker Bildungsanbieter in der Region zum Thema Qualit\u00e4tsmanagement. Er hat seine Aktivit\u00e4ten zu diesem Fachthema schon im Oktober 1993 mit der Gr\u00fcndung des Arbeitskreises \u201eHandbuch Qualit\u00e4tsmanagement nach DIN ISO 9000ff\u201c mit den 12 weiteren Unternehmen aus dem Landkreis Fulda begonnen. Das Ziel dieses Arbeitskreises war, ein QM-Handbuch zur Zertifizierung nach damaliger Norm f\u00fcr den Landkreis Fulda zu erarbeiten. Nach acht Sitzungen hat dieser Arbeitskreis das QM-Handbuch bis zur Zertifizierung mit der Ber\u00fccksichtigung von allen 20 vorgeschriebenen Elementen mit der Unterst\u00fctzung von \u00fcber 70 Betrieben zusammen erstellt.<\/p>\n<p>Im Anschluss hat das BBZ Mitte in zahlreichen Seminaren die hiesige Wirtschaft im QM Bereich unterst\u00fctzt. Das BBZ Mitte plant in diesem Jahr das 25. j\u00e4hrige Jubil\u00e4um zur Ausbildung des Qualit\u00e4tsmanagement im Landkreis Fulda zu feiern.<br \/>\nAb 2011 bis heute f\u00fchrt das BBZ Mitte die zertifizierten Pr\u00fcflehrg\u00e4nge f\u00fcr das QM-Fachpersonal der Betriebe erfolgreich durch und unterst\u00fctzt dadurch die regionalen und \u00fcberregionalen Betriebe, damit sie ihr Qualit\u00e4tsmanagementsystem und fachliche Kompetenzen der t\u00e4tigen Kr\u00e4fte st\u00e4tig verbessern k\u00f6nnen.<\/p>\n","protected":false},"excerpt":{"rendered":"<div class=\"tmnf_excerpt\"><p>Die BBZ Mitte GmbH hat vor der akkreditierten Zertifizierungsstelle TQCert in Kassel ihre Eignung zur Durchf\u00fchrung von Lehrg\u00e4ngen zur Ausbildung von QM-Fachpersonal nach dem IAF-Leitfaden der ISO\/IEC 17024:2012 und dem Leitfaden zur Zertifizierung von QM-Fachpersonal nachgewiesen. Insbesondere besitzen die Leitung und die Lehrkr\u00e4fte die p\u00e4dagogisch-fachlichen Kompetenz, sowie die berufliche Erfahrung f\u00fcr die Durchf\u00fchrung von Weiterbildungsma\u00dfnahmen &hellip;<\/p>\n<\/div>","protected":false},"author":1,"featured_media":174452,"comment_status":"closed","ping_status":"closed","sticky":false,"template":"","format":"standard","meta":{"footnotes":""},"categories":[1],"tags":[],"class_list":["post-174451","post","type-post","status-publish","format-standard","has-post-thumbnail","hentry","category-startseite"],"_links":{"self":[{"href":"https:\/\/www.fuldaernachrichten.de\/index.php?rest_route=\/wp\/v2\/posts\/174451","targetHints":{"allow":["GET"]}}],"collection":[{"href":"https:\/\/www.fuldaernachrichten.de\/index.php?rest_route=\/wp\/v2\/posts"}],"about":[{"href":"https:\/\/www.fuldaernachrichten.de\/index.php?rest_route=\/wp\/v2\/types\/post"}],"author":[{"embeddable":true,"href":"https:\/\/www.fuldaernachrichten.de\/index.php?rest_route=\/wp\/v2\/users\/1"}],"replies":[{"embeddable":true,"href":"https:\/\/www.fuldaernachrichten.de\/index.php?rest_route=%2Fwp%2Fv2%2Fcomments&post=174451"}],"version-history":[{"count":1,"href":"https:\/\/www.fuldaernachrichten.de\/index.php?rest_route=\/wp\/v2\/posts\/174451\/revisions"}],"predecessor-version":[{"id":174453,"href":"https:\/\/www.fuldaernachrichten.de\/index.php?rest_route=\/wp\/v2\/posts\/174451\/revisions\/174453"}],"wp:featuredmedia":[{"embeddable":true,"href":"https:\/\/www.fuldaernachrichten.de\/index.php?rest_route=\/wp\/v2\/media\/174452"}],"wp:attachment":[{"href":"https:\/\/www.fuldaernachrichten.de\/index.php?rest_route=%2Fwp%2Fv2%2Fmedia&parent=174451"}],"wp:term":[{"taxonomy":"category","embeddable":true,"href":"https:\/\/www.fuldaernachrichten.de\/index.php?rest_route=%2Fwp%2Fv2%2Fcategories&post=174451"},{"taxonomy":"post_tag","embeddable":true,"href":"https:\/\/www.fuldaernachrichten.de\/index.php?rest_route=%2Fwp%2Fv2%2Ftags&post=174451"}],"curies":[{"name":"wp","href":"https:\/\/api.w.org\/{rel}","templated":true}]}}