{"id":174439,"date":"2018-06-06T07:25:08","date_gmt":"2018-06-06T05:25:08","guid":{"rendered":"http:\/\/www.fuldaer-nachrichten.de\/?p=174439"},"modified":"2018-06-06T07:25:08","modified_gmt":"2018-06-06T05:25:08","slug":"wie-behindertenfreundlich-ist-fulda-fuer-reisende-studierende-der-eduard-stieler-schule-entwickeln-ideen-fuer-fulda","status":"publish","type":"post","link":"https:\/\/www.fuldaernachrichten.de\/?p=174439","title":{"rendered":"Wie behindertenfreundlich ist Fulda f\u00fcr Reisende?  Studierende der Eduard-Stieler-Schule entwickeln Ideen f\u00fcr Fulda"},"content":{"rendered":"<p><a href=\"http:\/\/www.fuldaer-nachrichten.de\/wp-content\/uploads\/2018\/06\/3.Simulation.jpg\"><img fetchpriority=\"high\" decoding=\"async\" class=\"alignleft size-thumbnail wp-image-174442\" src=\"http:\/\/www.fuldaer-nachrichten.de\/wp-content\/uploads\/2018\/06\/3.Simulation-265x211.jpg\" alt=\"\" width=\"265\" height=\"211\" srcset=\"https:\/\/www.fuldaernachrichten.de\/wp-content\/uploads\/2018\/06\/3.Simulation-265x211.jpg 265w, https:\/\/www.fuldaernachrichten.de\/wp-content\/uploads\/2018\/06\/3.Simulation-768x612.jpg 768w, https:\/\/www.fuldaernachrichten.de\/wp-content\/uploads\/2018\/06\/3.Simulation-600x478.jpg 600w, https:\/\/www.fuldaernachrichten.de\/wp-content\/uploads\/2018\/06\/3.Simulation.jpg 849w\" sizes=\"(max-width: 265px) 100vw, 265px\" \/><\/a> Die angehenden \u201eStaatlich gepr\u00fcften Betriebswirte im Hotel- und Gastst\u00e4ttengewerbe\u201c der Eduard-Stieler-Schule (ESS) haben sich im Rahmen ihrer komplexen Projektarbeit \u00fcber acht Monate damit besch\u00e4ftigt, wie das touristische Angebot f\u00fcr Behinderte in Fulda gegenw\u00e4rtig gestaltet ist, welche Ma\u00dfnahmen zur Verbesserung ergriffen und wie diese vermarktet werden k\u00f6nnen. Zu Beginn des Projektes wurden die Studierenden in einer eint\u00e4gigen Kick-Off-Veranstaltung durch die Dozentin Gisela Moser von der Firma \u201eMosGiTo\u201c auch mit Hilfe von Simulations\u00fcbungen f\u00fcr das Thema sensibilisiert.<\/p>\n<p>Anschlie\u00dfend analysierten die Studierenden insbesondere aus dem Blickwinkel von Seh- und Gehbehinderten die touristischen Gegebenheiten in Fulda. Von der Anreise \u00fcber Beherbergung, Bewirtung, Freizeitm\u00f6glichkeiten, Service und Unterst\u00fctzung bis hin zur Abreise und Reiseerinnerung wurde Fulda auf Behindertenfreundlichkeit gepr\u00fcft. Dabei kam Unterst\u00fctzung seitens der \u201eInteressengemeinschaft barrierefreies Fulda\u201c. Somit konnten die Studierenden die Bed\u00fcrfnisse der Behinderten sehr gut nachvollziehen und Hemmschwellen abbauen. \u201eDiese Sensibilisierung sollte fester Bestandteil in der Ausbildung der Hotellerie und Gastronomie sein\u201c, so Werner Auth, stellvertretender Vorsitzender der \u201eInteressengemeinschaft barrierefreies Fulda\u201c im Rahmen der Pr\u00e4sentationsveranstaltung in der Eduard-Stieler-Schule. Hier stellten die Studierenden schlie\u00dflich ihre Analyseergebnisse in Form einer Webseite und eines Flyers vor.<\/p>\n<p><a href=\"http:\/\/www.fuldaer-nachrichten.de\/wp-content\/uploads\/2018\/06\/2.Simulation.jpeg\"><img decoding=\"async\" class=\"alignleft size-thumbnail wp-image-174441\" src=\"http:\/\/www.fuldaer-nachrichten.de\/wp-content\/uploads\/2018\/06\/2.Simulation-265x199.jpeg\" alt=\"\" width=\"265\" height=\"199\" srcset=\"https:\/\/www.fuldaernachrichten.de\/wp-content\/uploads\/2018\/06\/2.Simulation-265x199.jpeg 265w, https:\/\/www.fuldaernachrichten.de\/wp-content\/uploads\/2018\/06\/2.Simulation-768x576.jpeg 768w, https:\/\/www.fuldaernachrichten.de\/wp-content\/uploads\/2018\/06\/2.Simulation-600x450.jpeg 600w, https:\/\/www.fuldaernachrichten.de\/wp-content\/uploads\/2018\/06\/2.Simulation.jpeg 900w\" sizes=\"(max-width: 265px) 100vw, 265px\" \/><\/a>Des Weiteren wurden exemplarische Vermarktungsstrategien f\u00fcr das Hotel Fulda Mitte und das Altstadthotel Arte vorgestellt. Die anwesenden G\u00e4ste, darunter Roland Frorman von der \u201eRegion Fulda Wirtschaftsf\u00f6rderungsgesellschaft\u201c, sowie die zust\u00e4ndige Abteilungsleiterin der ESS, Margit Goldstein, waren von den Ausf\u00fchrungen und Ideen der Studierenden sehr angetan.<\/p>\n<p>\u201eFulda hat viel Potential, das aber noch besser ausgesch\u00f6pft werden muss\u201c, so das Fazit der Studierenden, die nach einer Ausbildung in der Gastronomie nun die Hotelfachschule Fulda besuchen. W\u00e4hrend des gesamten Projekts wurden die Studierenden von den Projektlehrerinnen Kristin Huke, Anja Winges und Carmen M\u00f6tzung betreut, die sich sehr \u00fcber das Engagement der Studierenden freuten.<\/p>\n<p>F\u00fcr das kommende Schuljahr sind noch einige Pl\u00e4tze in der Hotelfachschule frei. Neben einer berufsbegleitenden Teilzeitform wird auch die k\u00fcrzere Vollzeitform angeboten. Bei Interesse finden Sie weitere Informationen unter www.eduard-stieler-schule.de oder Tel. 0661 \/ 969540.<\/p>\n<p>Fotos: Kristin Huke<\/p>\n","protected":false},"excerpt":{"rendered":"<div class=\"tmnf_excerpt\"><p>Die angehenden \u201eStaatlich gepr\u00fcften Betriebswirte im Hotel- und Gastst\u00e4ttengewerbe\u201c der Eduard-Stieler-Schule (ESS) haben sich im Rahmen ihrer komplexen Projektarbeit \u00fcber acht Monate damit besch\u00e4ftigt, wie das touristische Angebot f\u00fcr Behinderte in Fulda gegenw\u00e4rtig gestaltet ist, welche Ma\u00dfnahmen zur Verbesserung ergriffen und wie diese vermarktet werden k\u00f6nnen. Zu Beginn des Projektes wurden die Studierenden in einer &hellip;<\/p>\n<\/div>","protected":false},"author":1,"featured_media":174440,"comment_status":"closed","ping_status":"closed","sticky":false,"template":"","format":"standard","meta":{"footnotes":""},"categories":[1],"tags":[],"class_list":["post-174439","post","type-post","status-publish","format-standard","has-post-thumbnail","hentry","category-startseite"],"_links":{"self":[{"href":"https:\/\/www.fuldaernachrichten.de\/index.php?rest_route=\/wp\/v2\/posts\/174439","targetHints":{"allow":["GET"]}}],"collection":[{"href":"https:\/\/www.fuldaernachrichten.de\/index.php?rest_route=\/wp\/v2\/posts"}],"about":[{"href":"https:\/\/www.fuldaernachrichten.de\/index.php?rest_route=\/wp\/v2\/types\/post"}],"author":[{"embeddable":true,"href":"https:\/\/www.fuldaernachrichten.de\/index.php?rest_route=\/wp\/v2\/users\/1"}],"replies":[{"embeddable":true,"href":"https:\/\/www.fuldaernachrichten.de\/index.php?rest_route=%2Fwp%2Fv2%2Fcomments&post=174439"}],"version-history":[{"count":1,"href":"https:\/\/www.fuldaernachrichten.de\/index.php?rest_route=\/wp\/v2\/posts\/174439\/revisions"}],"predecessor-version":[{"id":174443,"href":"https:\/\/www.fuldaernachrichten.de\/index.php?rest_route=\/wp\/v2\/posts\/174439\/revisions\/174443"}],"wp:featuredmedia":[{"embeddable":true,"href":"https:\/\/www.fuldaernachrichten.de\/index.php?rest_route=\/wp\/v2\/media\/174440"}],"wp:attachment":[{"href":"https:\/\/www.fuldaernachrichten.de\/index.php?rest_route=%2Fwp%2Fv2%2Fmedia&parent=174439"}],"wp:term":[{"taxonomy":"category","embeddable":true,"href":"https:\/\/www.fuldaernachrichten.de\/index.php?rest_route=%2Fwp%2Fv2%2Fcategories&post=174439"},{"taxonomy":"post_tag","embeddable":true,"href":"https:\/\/www.fuldaernachrichten.de\/index.php?rest_route=%2Fwp%2Fv2%2Ftags&post=174439"}],"curies":[{"name":"wp","href":"https:\/\/api.w.org\/{rel}","templated":true}]}}