{"id":174427,"date":"2018-06-01T13:45:17","date_gmt":"2018-06-01T11:45:17","guid":{"rendered":"http:\/\/www.fuldaer-nachrichten.de\/?p=174427"},"modified":"2018-06-01T13:45:17","modified_gmt":"2018-06-01T11:45:17","slug":"bistum-fulda-vermehrt-elektrisch-unterwegs","status":"publish","type":"post","link":"https:\/\/www.fuldaernachrichten.de\/?p=174427","title":{"rendered":"Bistum Fulda vermehrt elektrisch unterwegs"},"content":{"rendered":"<p>\u201eDer neue E-Golf im Fuhrpark des Bistums Fulda wird von den Kolleginnen und Kollegen gerne genutzt\u201c, betont die Umweltbeauftragte des Bistums Fulda, Dr. Beatrice van Saan-Klein. Er ziehe gut, berichte eine junge Kollegin mit Begeisterung, w\u00e4hrend sie im Handumdrehen den Golf an die neu errichtete Lades\u00e4ule auf dem Parkplatz des Generalvikariats h\u00e4ngt. \u201eDie Fahrt zur Tankstelle kann sie sich sparen.\u201c F\u00fcr die prim\u00e4r im innerst\u00e4dtischen Bereich agierende Poststelle hatte das Bisch\u00f6fliche Generalvikariat bereits Ende 2016 auf 100 Prozent Elektroantrieb umgestellt. Das Projekt \u201eE-Mobil im Bistum Fulda\u201c wurde durch die Umweltbeauftragte als weiterer kirchlicher Beitrag zum Klimaschutz und zur Bewahrung der Sch\u00f6pfung initiiert, denn w\u00e4hrend in Deutschland die Emissionen im Energiebereich in den letzten Jahren zur\u00fcckgingen, stiegen sie im Verkehrssektor an.<\/p>\n<p>\u201eWir m\u00f6chten auch helfen, die Hemmnisse gegen\u00fcber E-Mobilen abzubauen\u201c, berichtet Frank Post, der f\u00fcr die Beschaffung der Fahrzeuge verantwortlich ist. Generalvikar Prof. Dr. Gerhard Stanke hebt hervor: \u201eSelbstverst\u00e4ndlich fahren wir mit \u00d6kostrom. Die internen Ladestationen liefern entweder Sonnenstrom von eigenen PV-Anlagen oder mit Gr\u00fcnem-Strom-Label zertifizierten \u00d6kostrom. Unsere Mitarbeiter und Mitarbeiterinnen sollen nicht nur das gute Fahrgef\u00fchl eines E-Autos kennenlernen, sondern d\u00fcrfen genau wie unsere Besucher auch ihr privates E-Mobil kostenfrei aufladen. Dazu k\u00f6nnen sie sich w\u00e4hrend der Dienstzeit des Generalvikariats an der Pforte eine Lade-Karte ausleihen. Wir hoffen, mit diesem Angebot einen kleinen Anreiz geschaffen zu haben, bei der n\u00e4chsten Fahrzeug- Neubeschaffung verst\u00e4rkt E-Mobile in den Blick zu nehmen.\u201c<\/p>\n<p>Bei der Beschaffung des \u201ePeugeot Partner Kastenwagen Electric\u201c und des 2018 gelieferten E-Golfes freut sich das Bistum Fulda \u00fcber staatliche F\u00f6rdergelder f\u00fcr seine Klimaschutz-Anstrengungen. Das Projekt \u201eE-Mobil im Bistum Fulda\u201c wird im Rahmen der F\u00f6rderrichtlinie Elektromobilit\u00e4t vor Ort mit insgesamt 8.941 Euro durch das Bundesministerium f\u00fcr Verkehr und digitale Infrastruktur gef\u00f6rdert. Die Umsetzung der F\u00f6rderrichtlinie wird von der \u201eNOW GmbH \u2013 Nationale Organisation Wasserstoff- und Brennstoffzellentechnologie\u201c koordiniert.<\/p>\n","protected":false},"excerpt":{"rendered":"<div class=\"tmnf_excerpt\"><p>\u201eDer neue E-Golf im Fuhrpark des Bistums Fulda wird von den Kolleginnen und Kollegen gerne genutzt\u201c, betont die Umweltbeauftragte des Bistums Fulda, Dr. Beatrice van Saan-Klein. Er ziehe gut, berichte eine junge Kollegin mit Begeisterung, w\u00e4hrend sie im Handumdrehen den Golf an die neu errichtete Lades\u00e4ule auf dem Parkplatz des Generalvikariats h\u00e4ngt. \u201eDie Fahrt zur &hellip;<\/p>\n<\/div>","protected":false},"author":1,"featured_media":0,"comment_status":"closed","ping_status":"closed","sticky":false,"template":"","format":"standard","meta":{"footnotes":""},"categories":[1],"tags":[],"class_list":["post-174427","post","type-post","status-publish","format-standard","hentry","category-startseite"],"_links":{"self":[{"href":"https:\/\/www.fuldaernachrichten.de\/index.php?rest_route=\/wp\/v2\/posts\/174427","targetHints":{"allow":["GET"]}}],"collection":[{"href":"https:\/\/www.fuldaernachrichten.de\/index.php?rest_route=\/wp\/v2\/posts"}],"about":[{"href":"https:\/\/www.fuldaernachrichten.de\/index.php?rest_route=\/wp\/v2\/types\/post"}],"author":[{"embeddable":true,"href":"https:\/\/www.fuldaernachrichten.de\/index.php?rest_route=\/wp\/v2\/users\/1"}],"replies":[{"embeddable":true,"href":"https:\/\/www.fuldaernachrichten.de\/index.php?rest_route=%2Fwp%2Fv2%2Fcomments&post=174427"}],"version-history":[{"count":1,"href":"https:\/\/www.fuldaernachrichten.de\/index.php?rest_route=\/wp\/v2\/posts\/174427\/revisions"}],"predecessor-version":[{"id":174428,"href":"https:\/\/www.fuldaernachrichten.de\/index.php?rest_route=\/wp\/v2\/posts\/174427\/revisions\/174428"}],"wp:attachment":[{"href":"https:\/\/www.fuldaernachrichten.de\/index.php?rest_route=%2Fwp%2Fv2%2Fmedia&parent=174427"}],"wp:term":[{"taxonomy":"category","embeddable":true,"href":"https:\/\/www.fuldaernachrichten.de\/index.php?rest_route=%2Fwp%2Fv2%2Fcategories&post=174427"},{"taxonomy":"post_tag","embeddable":true,"href":"https:\/\/www.fuldaernachrichten.de\/index.php?rest_route=%2Fwp%2Fv2%2Ftags&post=174427"}],"curies":[{"name":"wp","href":"https:\/\/api.w.org\/{rel}","templated":true}]}}