{"id":174425,"date":"2018-06-01T13:44:42","date_gmt":"2018-06-01T11:44:42","guid":{"rendered":"http:\/\/www.fuldaer-nachrichten.de\/?p=174425"},"modified":"2018-06-01T13:44:42","modified_gmt":"2018-06-01T11:44:42","slug":"mobile-ausstellung-zum-thema-flucht-in-fulda-missio-flucht-truck-auf-dem-domplatz","status":"publish","type":"post","link":"https:\/\/www.fuldaernachrichten.de\/?p=174425","title":{"rendered":"Mobile Ausstellung zum Thema Flucht in Fulda: missio-Flucht-Truck auf dem Domplatz"},"content":{"rendered":"<p>Vom 3. bis 9. Juni wird ein 18 Tonnen schwere missio-Fluchttruck mit einer multimedialen Ausstellung zum Thema Flucht auf dem Domplatz in Fulda \u00fcber die Fluchtthematik und Fluchtursachen informieren. In der mobilen Ausstellung werden mehrere Computerfiguren vorgestellt, die verschiedene typische Fl\u00fcchtlingsschicksale symbolisieren \u2013 sogenannte Avatare. Besucher des missio-Fluchttrucks k\u00f6nnen dann in die Rolle dieser Figuren bei einem Computerspiel schl\u00fcpfen und m\u00fcssen blitzschnell entscheiden, wie sie sich selbst als Gefl\u00fcchtete verhalten w\u00fcrden.<\/p>\n<p>Anl\u00e4sslich des Weltfl\u00fcchtlingstags am 20. Juni 2017 hatte Bundesminister Gerd M\u00fcller den neuen missio-Fluchttruck vorgestellt, der von Berlin zu einer Deutschland-Tournee startete und vom Bonifatiusfest (3. Juni) bis zum 9. Juni nun auch Station auf dem Domplatz in Fulda macht. \u201eIm missio-Truck kann jeder hautnah nachempfinden, warum Menschen um ihr Leben f\u00fcrchten und fliehen m\u00fcssen und welche Einzelschicksale hinter abstrakten Fl\u00fcchtlingszahlen stecken\u201c, erkl\u00e4rt missio-Referent Steffen Jahn. Die mobile Ausstellung ist besonders von den Fuldaer Schulen nachgefragt, die mit ihren Klassen an den Vormittagen die Ausstellung besuchen werden.<\/p>\n<p>Interessierte Jugendliche (ab 14 Jahren) und Erwachsene k\u00f6nnen die Ausstellung am Domplatz zu den freien Besichtigungszeiten am Montag, 4. Juni, von 9 bis 14 Uhr und am Dienstag von 14 bis 18 Uhr sowie bei der \u201eNacht der offenen Kirchen\u201c am Samstag von 19 bis 24 Uhr besuchen. Zum Gesamtkonzept des vom Bundesministerium f\u00fcr wirtschaftliche Zusammenarbeit und Entwicklung (BMZ) gef\u00f6rderten Infomobils geh\u00f6ren p\u00e4dagogische Angebote wie Workshops f\u00fcr Lehrer zum Thema Flucht und globalem Lernen. Der Flucht-Truck kann bei missio f\u00fcr Termine in Schulen und f\u00fcr Veranstaltungen gebucht werden. Weitere Informationen finden sich unter www.missio-truck.de.<\/p>\n","protected":false},"excerpt":{"rendered":"<div class=\"tmnf_excerpt\"><p>Vom 3. bis 9. Juni wird ein 18 Tonnen schwere missio-Fluchttruck mit einer multimedialen Ausstellung zum Thema Flucht auf dem Domplatz in Fulda \u00fcber die Fluchtthematik und Fluchtursachen informieren. In der mobilen Ausstellung werden mehrere Computerfiguren vorgestellt, die verschiedene typische Fl\u00fcchtlingsschicksale symbolisieren \u2013 sogenannte Avatare. Besucher des missio-Fluchttrucks k\u00f6nnen dann in die Rolle dieser Figuren &hellip;<\/p>\n<\/div>","protected":false},"author":1,"featured_media":0,"comment_status":"closed","ping_status":"closed","sticky":false,"template":"","format":"standard","meta":{"footnotes":""},"categories":[1],"tags":[],"class_list":["post-174425","post","type-post","status-publish","format-standard","hentry","category-startseite"],"_links":{"self":[{"href":"https:\/\/www.fuldaernachrichten.de\/index.php?rest_route=\/wp\/v2\/posts\/174425","targetHints":{"allow":["GET"]}}],"collection":[{"href":"https:\/\/www.fuldaernachrichten.de\/index.php?rest_route=\/wp\/v2\/posts"}],"about":[{"href":"https:\/\/www.fuldaernachrichten.de\/index.php?rest_route=\/wp\/v2\/types\/post"}],"author":[{"embeddable":true,"href":"https:\/\/www.fuldaernachrichten.de\/index.php?rest_route=\/wp\/v2\/users\/1"}],"replies":[{"embeddable":true,"href":"https:\/\/www.fuldaernachrichten.de\/index.php?rest_route=%2Fwp%2Fv2%2Fcomments&post=174425"}],"version-history":[{"count":1,"href":"https:\/\/www.fuldaernachrichten.de\/index.php?rest_route=\/wp\/v2\/posts\/174425\/revisions"}],"predecessor-version":[{"id":174426,"href":"https:\/\/www.fuldaernachrichten.de\/index.php?rest_route=\/wp\/v2\/posts\/174425\/revisions\/174426"}],"wp:attachment":[{"href":"https:\/\/www.fuldaernachrichten.de\/index.php?rest_route=%2Fwp%2Fv2%2Fmedia&parent=174425"}],"wp:term":[{"taxonomy":"category","embeddable":true,"href":"https:\/\/www.fuldaernachrichten.de\/index.php?rest_route=%2Fwp%2Fv2%2Fcategories&post=174425"},{"taxonomy":"post_tag","embeddable":true,"href":"https:\/\/www.fuldaernachrichten.de\/index.php?rest_route=%2Fwp%2Fv2%2Ftags&post=174425"}],"curies":[{"name":"wp","href":"https:\/\/api.w.org\/{rel}","templated":true}]}}