{"id":174421,"date":"2018-06-01T13:44:18","date_gmt":"2018-06-01T11:44:18","guid":{"rendered":"http:\/\/www.fuldaer-nachrichten.de\/?p=174421"},"modified":"2018-06-01T13:44:18","modified_gmt":"2018-06-01T11:44:18","slug":"foto-mitmachaktion-rhoener-landschaft-frueher-und-heute","status":"publish","type":"post","link":"https:\/\/www.fuldaernachrichten.de\/?p=174421","title":{"rendered":"Foto-Mitmachaktion \u201eRh\u00f6ner Landschaft \u2013 fr\u00fcher und heute\u201c"},"content":{"rendered":"<div id=\"attachment_174423\" style=\"width: 275px\" class=\"wp-caption alignleft\"><a href=\"http:\/\/www.fuldaer-nachrichten.de\/wp-content\/uploads\/2018\/06\/149-Oberelsbach-heute.jpg\"><img decoding=\"async\" aria-describedby=\"caption-attachment-174423\" class=\"size-thumbnail wp-image-174423\" src=\"http:\/\/www.fuldaer-nachrichten.de\/wp-content\/uploads\/2018\/06\/149-Oberelsbach-heute-265x177.jpg\" alt=\"\" width=\"265\" height=\"177\" srcset=\"https:\/\/www.fuldaernachrichten.de\/wp-content\/uploads\/2018\/06\/149-Oberelsbach-heute-265x177.jpg 265w, https:\/\/www.fuldaernachrichten.de\/wp-content\/uploads\/2018\/06\/149-Oberelsbach-heute-768x514.jpg 768w, https:\/\/www.fuldaernachrichten.de\/wp-content\/uploads\/2018\/06\/149-Oberelsbach-heute-600x401.jpg 600w, https:\/\/www.fuldaernachrichten.de\/wp-content\/uploads\/2018\/06\/149-Oberelsbach-heute.jpg 900w\" sizes=\"(max-width: 265px) 100vw, 265px\" \/><\/a><p id=\"caption-attachment-174423\" class=\"wp-caption-text\">Oberelsbach heute. Foto: D. Leyrer<\/p><\/div>\n<p>Der Fotograf Herrmann Eckert schuf in den 1920er und 1930er Jahren eine ganze Reihe von Landschaftsaufnahmen der Rh\u00f6n, die heute im Rh\u00f6nmuseum Fladungen archiviert sind. Doch wie nahezu jede Landschaft ist auch die Rh\u00f6n einem stetigen Wandel unterworfen. Wie genau sie sich in den letzten 90 Jahren ver\u00e4ndert hat, soll eine Foto-Mitmachaktion des UNESCO-Biosph\u00e4renreservates zeigen. Dabei geht es darum, historische Bilder jeweils von demselben Standort aus nachzufotografieren.<\/p>\n<p>Nicht nur Rh\u00f6nerinnen und Rh\u00f6ner sind aufgerufen, sich an der Foto-Aktion zu beteiligen, sondern alle Freunde der eindrucksvollen Landschaft. Unter www.brrhoen.de k\u00f6nnen die historischen Aufnahmen von Herrmann Eckert angesehen werden. Anschlie\u00dfend sind interessierte Teilnehmer eingeladen, sich f\u00fcr eins der Bilder zu entscheiden und auf Spurensuche zu gehen: Wo befindet sich der Standort, von dem das Foto vor 90 Jahren aufgenommen wurde?<br \/>\nIm n\u00e4chsten Schritt geht es darum, ein aktuelles Bild des exakt gleichen Landschaftsausschnitts zu machen und per E-Mail an die Biosph\u00e4renreservatsverwaltungen zu schicken. Hierf\u00fcr steht die E-Mail-Adresse meldungen.brrhoen@web.de zur Verf\u00fcgung. Alle eingesandten Bilder werden auf der Website des UNESCO-Biosph\u00e4renreservates mit den Namen der Fotografen ver\u00f6ffentlicht.<\/p>\n<p>Die Biosph\u00e4renreservatsverwaltungen sind au\u00dferdem an weiteren historischen Aufnahmen der Rh\u00f6ner Landschaft interessiert, die ebenfalls \u2013 idealerweise zusammen mit der heutigen Ansichten \u2013 eingesendet werden k\u00f6nnen. Auch Erinnerungen, Gedanken und Geschichten, die Menschen aus der Rh\u00f6n mit der Landschaft und deren Ver\u00e4nderung verbinden, sind willkommen.<br \/>\nAnsprechpartnerin f\u00fcr weitere Fragen: Dorothea Leyrer, Telefon: (09 31) 380 1668, bei der Bayerischen Verwaltungsstelle.<br \/>\nWeitere Infos zur Aktion sowie Teilnahmebedingungen unter www.brrhoen.de.<\/p>\n<p>Hintergrund<\/p>\n<p>Die Rh\u00f6n ist als \u201eLand der offenen Fernen\u201c weithin f\u00fcr ihre einzigartige Kulturlandschaft bekannt und beliebt. Ihr Alleinstellungsmerkmal im Vergleich zu anderen deutschen Mittelgebirgen ist die Aussicht \u00fcber weite, unbewaldete H\u00f6hen und Kuppen. Ausgedehnte, artenreiche Bergwiesen und Magerrasen wechseln sich ab mit Streuobstwiesen, Heckenstreifen, Lesesteinw\u00e4llen, Buchenw\u00e4ldern, D\u00f6rfern und vielem mehr. Das UNESCO-Biosph\u00e4renreservat Rh\u00f6n sch\u00fctzt diese Kulturlandschaft, die auch einen Blick auf die Art und Weise erlaubt, wie Menschen in der Region gewirtschaftet und gelebt haben. Sie spiegelt den Alltag fr\u00fcherer Generationen wider und bedeutet f\u00fcr Menschen heute Identit\u00e4t und Heimat.<\/p>\n","protected":false},"excerpt":{"rendered":"<div class=\"tmnf_excerpt\"><p>Der Fotograf Herrmann Eckert schuf in den 1920er und 1930er Jahren eine ganze Reihe von Landschaftsaufnahmen der Rh\u00f6n, die heute im Rh\u00f6nmuseum Fladungen archiviert sind. Doch wie nahezu jede Landschaft ist auch die Rh\u00f6n einem stetigen Wandel unterworfen. Wie genau sie sich in den letzten 90 Jahren ver\u00e4ndert hat, soll eine Foto-Mitmachaktion des UNESCO-Biosph\u00e4renreservates zeigen. &hellip;<\/p>\n<\/div>","protected":false},"author":1,"featured_media":174422,"comment_status":"closed","ping_status":"closed","sticky":false,"template":"","format":"standard","meta":{"footnotes":""},"categories":[1],"tags":[],"class_list":["post-174421","post","type-post","status-publish","format-standard","has-post-thumbnail","hentry","category-startseite"],"_links":{"self":[{"href":"https:\/\/www.fuldaernachrichten.de\/index.php?rest_route=\/wp\/v2\/posts\/174421","targetHints":{"allow":["GET"]}}],"collection":[{"href":"https:\/\/www.fuldaernachrichten.de\/index.php?rest_route=\/wp\/v2\/posts"}],"about":[{"href":"https:\/\/www.fuldaernachrichten.de\/index.php?rest_route=\/wp\/v2\/types\/post"}],"author":[{"embeddable":true,"href":"https:\/\/www.fuldaernachrichten.de\/index.php?rest_route=\/wp\/v2\/users\/1"}],"replies":[{"embeddable":true,"href":"https:\/\/www.fuldaernachrichten.de\/index.php?rest_route=%2Fwp%2Fv2%2Fcomments&post=174421"}],"version-history":[{"count":1,"href":"https:\/\/www.fuldaernachrichten.de\/index.php?rest_route=\/wp\/v2\/posts\/174421\/revisions"}],"predecessor-version":[{"id":174424,"href":"https:\/\/www.fuldaernachrichten.de\/index.php?rest_route=\/wp\/v2\/posts\/174421\/revisions\/174424"}],"wp:featuredmedia":[{"embeddable":true,"href":"https:\/\/www.fuldaernachrichten.de\/index.php?rest_route=\/wp\/v2\/media\/174422"}],"wp:attachment":[{"href":"https:\/\/www.fuldaernachrichten.de\/index.php?rest_route=%2Fwp%2Fv2%2Fmedia&parent=174421"}],"wp:term":[{"taxonomy":"category","embeddable":true,"href":"https:\/\/www.fuldaernachrichten.de\/index.php?rest_route=%2Fwp%2Fv2%2Fcategories&post=174421"},{"taxonomy":"post_tag","embeddable":true,"href":"https:\/\/www.fuldaernachrichten.de\/index.php?rest_route=%2Fwp%2Fv2%2Ftags&post=174421"}],"curies":[{"name":"wp","href":"https:\/\/api.w.org\/{rel}","templated":true}]}}