{"id":174415,"date":"2018-06-01T13:41:22","date_gmt":"2018-06-01T11:41:22","guid":{"rendered":"http:\/\/www.fuldaer-nachrichten.de\/?p=174415"},"modified":"2018-06-01T13:41:22","modified_gmt":"2018-06-01T11:41:22","slug":"get-together-aus-waldsolms-gewinnt-hr4-chorwettbewerb-auf-dem-hessentag","status":"publish","type":"post","link":"https:\/\/www.fuldaernachrichten.de\/?p=174415","title":{"rendered":"\u201eGet Together\u201c aus Waldsolms gewinnt hr4-Chorwettbewerb auf dem Hessentag"},"content":{"rendered":"<p>Laute Jubelrufe der S\u00e4ngerinnen von \u201eGet Together\u201c erf\u00fcllten am Donnerstagabend den \u201ehr-Treff\u201c auf dem Hessentag in Korbach, als die beiden Moderatoren Britta Wiegand (hr4) und Jens K\u00f6lker (hr-fernsehen) den Sieger des hr4-Chorwettbewerbs \u201eSingt Euren Song\u201c verk\u00fcndeten. \u201eWir freuen uns riesig und m\u00f6chten uns ganz herzlich bei allen Fans und den hr4-H\u00f6rern, die f\u00fcr uns angerufen haben, bedanken&#8221;, sagt Chorleiterin Sabine Hadzik sichtlich ergriffen. Als Preis wartet ein exklusiver Gesangs-Workshop mit den A-cappella-Stars von \u201eMaybebop\u201c auf die S\u00e4nger.<\/p>\n<p><strong>Spannendes Finale<\/strong><br \/>\nW\u00e4hrend der Live-Show \u201ehr4-Chorwettbewerb \u2013 das Finale\u201c, die im hr-fernsehen, auf der hr4-Facebook-Seite und im hr4-Radioprogramm \u00fcbertragen wurde, hatten die Zuschauer und H\u00f6rer die M\u00f6glichkeit, per Telefon f\u00fcr ihren Favoriten abzustimmen. Von den mehr als knapp 23.000 Anrufern, die am Donnerstagabend abgestimmt hatten, gaben 44,35 Prozent ihre Stimme Get Together aus Waldsolms. Vocalive aus Griesheim erreichte mit 32,69 Prozent den zweiten Platz und f\u00fcr den Jugendchor Songlines aus Lich hatten 22,96 Prozent der Anrufer abgestimmt.<\/p>\n<p><strong>\u201eSingt Euren Song\u201c<\/strong><br \/>\nDie Klasse, Leidenschaft und Vielfalt der Ch\u00f6re aus ganz Hessen hatte die Jury des Chorwettbewerbs, bestehend aus den beiden hr-Moderatoren J\u00f6rg Bombach und Andrea Ballschuh sowie Jan B\u00fcrger von \u201eMaybebop bereits in der Bewerbungsphase begeistert. Aus einer Vielzahl von Bewerbungen hatte die Jury die 15 besten Ch\u00f6re ausgew\u00e4hlt und anschlie\u00dfend besuchten hr4-Reporter die Ch\u00f6re bei ihren Proben, um sie zu interviewen, zu fotografieren und zu filmen. Jeder Chor wurde dann einen Tag lang mit Radioportr\u00e4ts und Videoclips im hr4-Programm und auf <a href=\"http:\/\/hr4.de\/\">hr4.de<\/a> vorgestellt.<\/p>\n<p><strong>Alles in Bewegung gesetzt<\/strong><br \/>\nViel Lob gab es von Jurymitglied J\u00f6rg Bombach: \u201eDie S\u00e4ngerinnen von \u201eGet together\u201c haben wirklich eine tolle Gesamtperformance gezeigt und alles in Bewegung gesetzt. Sie haben unglaublich viele Menschen pers\u00f6nlich, \u00fcber Facebook und Instagram mobilisiert, f\u00fcr sie anzurufen, und sie haben auch die hr4-H\u00f6rer und Zuschauer des hr-fernsehens \u00fcberzeugt\u201c.<\/p>\n","protected":false},"excerpt":{"rendered":"<div class=\"tmnf_excerpt\"><p>Laute Jubelrufe der S\u00e4ngerinnen von \u201eGet Together\u201c erf\u00fcllten am Donnerstagabend den \u201ehr-Treff\u201c auf dem Hessentag in Korbach, als die beiden Moderatoren Britta Wiegand (hr4) und Jens K\u00f6lker (hr-fernsehen) den Sieger des hr4-Chorwettbewerbs \u201eSingt Euren Song\u201c verk\u00fcndeten. \u201eWir freuen uns riesig und m\u00f6chten uns ganz herzlich bei allen Fans und den hr4-H\u00f6rern, die f\u00fcr uns angerufen &hellip;<\/p>\n<\/div>","protected":false},"author":1,"featured_media":0,"comment_status":"closed","ping_status":"closed","sticky":false,"template":"","format":"standard","meta":{"footnotes":""},"categories":[1],"tags":[],"class_list":["post-174415","post","type-post","status-publish","format-standard","hentry","category-startseite"],"_links":{"self":[{"href":"https:\/\/www.fuldaernachrichten.de\/index.php?rest_route=\/wp\/v2\/posts\/174415","targetHints":{"allow":["GET"]}}],"collection":[{"href":"https:\/\/www.fuldaernachrichten.de\/index.php?rest_route=\/wp\/v2\/posts"}],"about":[{"href":"https:\/\/www.fuldaernachrichten.de\/index.php?rest_route=\/wp\/v2\/types\/post"}],"author":[{"embeddable":true,"href":"https:\/\/www.fuldaernachrichten.de\/index.php?rest_route=\/wp\/v2\/users\/1"}],"replies":[{"embeddable":true,"href":"https:\/\/www.fuldaernachrichten.de\/index.php?rest_route=%2Fwp%2Fv2%2Fcomments&post=174415"}],"version-history":[{"count":1,"href":"https:\/\/www.fuldaernachrichten.de\/index.php?rest_route=\/wp\/v2\/posts\/174415\/revisions"}],"predecessor-version":[{"id":174416,"href":"https:\/\/www.fuldaernachrichten.de\/index.php?rest_route=\/wp\/v2\/posts\/174415\/revisions\/174416"}],"wp:attachment":[{"href":"https:\/\/www.fuldaernachrichten.de\/index.php?rest_route=%2Fwp%2Fv2%2Fmedia&parent=174415"}],"wp:term":[{"taxonomy":"category","embeddable":true,"href":"https:\/\/www.fuldaernachrichten.de\/index.php?rest_route=%2Fwp%2Fv2%2Fcategories&post=174415"},{"taxonomy":"post_tag","embeddable":true,"href":"https:\/\/www.fuldaernachrichten.de\/index.php?rest_route=%2Fwp%2Fv2%2Ftags&post=174415"}],"curies":[{"name":"wp","href":"https:\/\/api.w.org\/{rel}","templated":true}]}}