{"id":174411,"date":"2018-06-01T13:38:56","date_gmt":"2018-06-01T11:38:56","guid":{"rendered":"http:\/\/www.fuldaer-nachrichten.de\/?p=174411"},"modified":"2018-06-01T13:38:56","modified_gmt":"2018-06-01T11:38:56","slug":"ein-buntes-kaleidoskop-der-gesundheitsfoerderung-fos-schulungen-fuer-grundschueler-und-gymnasiasten","status":"publish","type":"post","link":"https:\/\/www.fuldaernachrichten.de\/?p=174411","title":{"rendered":"Ein buntes Kaleidoskop der Gesundheitsf\u00f6rderung &#8211; FOS-Schulungen f\u00fcr Grundsch\u00fcler und Gymnasiasten"},"content":{"rendered":"<p>W\u00e4hrend der vergangenen Wochen arbeiteten die Sch\u00fclerinnen und Sch\u00fcler des 12. Jahrgangs der Fachoberschule (FOS) der Eduard-Stieler-Schule (ESS) an verschiedenen Projekten mit dem Ziel, Grundsch\u00fcler, aber auch Gymnasiasten f\u00fcr eine gesunde Ern\u00e4hrung und eine gesunde Lebensweise zu sensibilisieren. Daran teilgenommen haben 16 Schulkinder der Klassen eins und zwei der Regenbogenschule Schlitzenhausen, begleitet von ihren Lehrerinnen Christiane Oswald und Antje Bau, die Klasse 3b der Adolf-von-Dalberg-Schule Fulda mit den Lehrerinnen Sigrid Emmerling-Spors und Carina Bohl, eine vierte Klasse der Domschule Fulda mit ihrer Klassenlehrerin Beatrix Pamfil, sowie fast 40 Gymnasiasten des neunten Jahrgangs der Ulstertalschule Hilders, die von ihren Lehrern Philipp Schleipen, Matthias Leibold und Irina Drott begleitet wurden.<\/p>\n<p>Die zust\u00e4ndige Abteilungsleiterin Angelika Bott-Werner begr\u00fc\u00dfte die G\u00e4ste, die an Projekten in der ESS teilnahmen, mit einem kurzen \u00dcberblick \u00fcber die Schulform FOS, stellte sich den Fragen der Besucherinnen und Besucher und war zu diesem Zweck auch bei den erarbeiteten Ausstellungen pr\u00e4sent.<\/p>\n<p>Bei den sich \u00fcber mehrere Tage erstreckenden Projekten durchliefen Grundsch\u00fcler beispielsweise von der Klasse 12 FO A vorbereitete Stationen zu Milchprodukten, Gem\u00fcse, Getreide, Kr\u00e4utern, Obst und Getr\u00e4nken. Die Klasse 12 FO B widmete sich in der Domschule ebenfalls mit Lernstationen den menschlichen Sinnen, die Klasse 12 FO C bereitete mit Grundsch\u00fclern in der Adolf-von-Dalberg-Schule ein \u201egesundes Fr\u00fchst\u00fcck\u201c zu. Die Klasse 12 FO E bot den Gymnasiasten der Ulstertalschule an verschiedenen Stationen in der ESS ern\u00e4hrungsphysiologische Informationen, \u00f6kologische Hintergr\u00fcnde aber auch geschmackliche \u00dcberraschungen.<\/p>\n<p>Die von der Klasse 12 FO D pr\u00e4sentierte Ausstellung zu Sportpr\u00e4vention, Verh\u00fctung von Geschlechtskrankheiten, Ern\u00e4hrung im Allgemeinen, aber auch mit Informationen zu Sucht und Organspende richtete sich dagegen an jugendliche Sch\u00fclerinnen und Sch\u00fcler der Jahrg\u00e4nge 11 und 12 aus dem eigenen Hause.<\/p>\n<p>Die facettenreichen Projekte, die zusammen genommen ein buntes Kaleidoskop der Gesundheitsf\u00f6rderung und Ern\u00e4hrung dargestellt haben und die sich wunderbar erg\u00e4nzten, richteten sich an unterschiedliche Adressatenkreise von der ersten bis zur zw\u00f6lften Klasse, und wurden von Oberstudienr\u00e4tin Kornelia Brassel-Barth sowie Oberstudienr\u00e4tin Mechthild Gutmann perfekt organisiert, gr\u00fcndlich vorbereitet und kompetent begleitet.<\/p>\n<p>Ziel der Fachoberschule ist das Erreichen der Allgemeinen Fachhochschulreife und damit die M\u00f6glichkeit, an allen Hochschulen, aber auch einigen Universit\u00e4ten in Hessen zu studieren. Au\u00dferdem bereitet sie auf ein breites Spektrum von Ausbildungsberufen in den Bereichen Gesundheit oder Ern\u00e4hrung vor. F\u00fcr das kommende Schuljahr sind noch einige Pl\u00e4tze in der zweij\u00e4hrigen Fachoberschule in den Fachrichtungen Gesundheit bzw. Ern\u00e4hrung und Hauswirtschaft frei. Mit einer entsprechenden abgeschlossenen Berufsausbildung kann auch die einj\u00e4hrige Fachoberschule der Form B besucht werden. Ausk\u00fcnfte unter (0661 969540) oder per Mail (poststelle@eduard-stieler.fulda.schulverwaltung.hessen.de) bei der Eduard-Stieler-Schule.<\/p>\n","protected":false},"excerpt":{"rendered":"<div class=\"tmnf_excerpt\"><p>W\u00e4hrend der vergangenen Wochen arbeiteten die Sch\u00fclerinnen und Sch\u00fcler des 12. Jahrgangs der Fachoberschule (FOS) der Eduard-Stieler-Schule (ESS) an verschiedenen Projekten mit dem Ziel, Grundsch\u00fcler, aber auch Gymnasiasten f\u00fcr eine gesunde Ern\u00e4hrung und eine gesunde Lebensweise zu sensibilisieren. Daran teilgenommen haben 16 Schulkinder der Klassen eins und zwei der Regenbogenschule Schlitzenhausen, begleitet von ihren Lehrerinnen &hellip;<\/p>\n<\/div>","protected":false},"author":1,"featured_media":0,"comment_status":"closed","ping_status":"closed","sticky":false,"template":"","format":"standard","meta":{"footnotes":""},"categories":[1],"tags":[],"class_list":["post-174411","post","type-post","status-publish","format-standard","hentry","category-startseite"],"_links":{"self":[{"href":"https:\/\/www.fuldaernachrichten.de\/index.php?rest_route=\/wp\/v2\/posts\/174411","targetHints":{"allow":["GET"]}}],"collection":[{"href":"https:\/\/www.fuldaernachrichten.de\/index.php?rest_route=\/wp\/v2\/posts"}],"about":[{"href":"https:\/\/www.fuldaernachrichten.de\/index.php?rest_route=\/wp\/v2\/types\/post"}],"author":[{"embeddable":true,"href":"https:\/\/www.fuldaernachrichten.de\/index.php?rest_route=\/wp\/v2\/users\/1"}],"replies":[{"embeddable":true,"href":"https:\/\/www.fuldaernachrichten.de\/index.php?rest_route=%2Fwp%2Fv2%2Fcomments&post=174411"}],"version-history":[{"count":1,"href":"https:\/\/www.fuldaernachrichten.de\/index.php?rest_route=\/wp\/v2\/posts\/174411\/revisions"}],"predecessor-version":[{"id":174412,"href":"https:\/\/www.fuldaernachrichten.de\/index.php?rest_route=\/wp\/v2\/posts\/174411\/revisions\/174412"}],"wp:attachment":[{"href":"https:\/\/www.fuldaernachrichten.de\/index.php?rest_route=%2Fwp%2Fv2%2Fmedia&parent=174411"}],"wp:term":[{"taxonomy":"category","embeddable":true,"href":"https:\/\/www.fuldaernachrichten.de\/index.php?rest_route=%2Fwp%2Fv2%2Fcategories&post=174411"},{"taxonomy":"post_tag","embeddable":true,"href":"https:\/\/www.fuldaernachrichten.de\/index.php?rest_route=%2Fwp%2Fv2%2Ftags&post=174411"}],"curies":[{"name":"wp","href":"https:\/\/api.w.org\/{rel}","templated":true}]}}