{"id":174407,"date":"2018-06-01T13:36:06","date_gmt":"2018-06-01T11:36:06","guid":{"rendered":"http:\/\/www.fuldaer-nachrichten.de\/?p=174407"},"modified":"2018-06-01T13:36:06","modified_gmt":"2018-06-01T11:36:06","slug":"bundesschiedsgericht-bestaetigt-parteiausschluss-von-ute-riebold","status":"publish","type":"post","link":"https:\/\/www.fuldaernachrichten.de\/?p=174407","title":{"rendered":"Bundesschiedsgericht best\u00e4tigt Parteiausschluss von Ute Riebold"},"content":{"rendered":"<p>In seiner Verhandlung vom 28.4.18 in Berlin hat das Bundesschiedsgericht der Gr\u00fcnen den Ausschluss von Ute Riebold aus der Partei <i>B\u00fcndnis 90\/ Die Gr\u00fcnen <\/i>best\u00e4tigt. Das Gremium sah den schon im Dezember 2016 vom Landesschiedsgericht ausgesprochenen Parteiausschluss als rechtm\u00e4\u00dfig und Riebolds Verhalten als grob parteisch\u00e4digend an. Riebold hatte bei der Kommunalwahl 16 der Stadt Fulda als Mitglied Von B\u00fcndnis 90\/Die Gr\u00fcnen ein Mandat als Stadtverordnete erlangt. Nach der Wahl wechselte sie abrupt zur der Gruppierung <i>Die Linke \/ Offene Liste, <\/i>allerdings ohne ihr Mandat an die Gr\u00fcnen zur\u00fcckzugeben. Ebenso weigerte sie sich, den damals vom Kreisverband \u2013 nach fruchtlosen Gespr\u00e4chen mit ihr &#8211; ausgesprochenen Ausschluss aus der Partei zu akzeptieren.- Ute Riebold war zur der Verhandlung in Berlin nicht erschienen. \u201eDie Entscheidung des Bundesschiedsgerichtes ist endg\u00fcltig, gegen sie kann kein Widerspruch eingelegt werden\u201c, erkl\u00e4rte Prof. Dr. Thomas G\u00f6ller, der f\u00fcr den Fuldaer Kreisverband der Gr\u00fcnen bei der Verhandlung in Berlin zugegen war. Knut Heiland, Vorstandssprecher der Partei und Stadtverordneter, ist erleichtert, dass die zwei Jahre w\u00e4hrende H\u00e4ngepartie nun beendet und Klarheit geschaffen ist.<\/p>\n","protected":false},"excerpt":{"rendered":"<div class=\"tmnf_excerpt\"><p>In seiner Verhandlung vom 28.4.18 in Berlin hat das Bundesschiedsgericht der Gr\u00fcnen den Ausschluss von Ute Riebold aus der Partei B\u00fcndnis 90\/ Die Gr\u00fcnen best\u00e4tigt. Das Gremium sah den schon im Dezember 2016 vom Landesschiedsgericht ausgesprochenen Parteiausschluss als rechtm\u00e4\u00dfig und Riebolds Verhalten als grob parteisch\u00e4digend an. Riebold hatte bei der Kommunalwahl 16 der Stadt Fulda &hellip;<\/p>\n<\/div>","protected":false},"author":1,"featured_media":0,"comment_status":"closed","ping_status":"closed","sticky":false,"template":"","format":"standard","meta":{"footnotes":""},"categories":[1],"tags":[],"class_list":["post-174407","post","type-post","status-publish","format-standard","hentry","category-startseite"],"_links":{"self":[{"href":"https:\/\/www.fuldaernachrichten.de\/index.php?rest_route=\/wp\/v2\/posts\/174407","targetHints":{"allow":["GET"]}}],"collection":[{"href":"https:\/\/www.fuldaernachrichten.de\/index.php?rest_route=\/wp\/v2\/posts"}],"about":[{"href":"https:\/\/www.fuldaernachrichten.de\/index.php?rest_route=\/wp\/v2\/types\/post"}],"author":[{"embeddable":true,"href":"https:\/\/www.fuldaernachrichten.de\/index.php?rest_route=\/wp\/v2\/users\/1"}],"replies":[{"embeddable":true,"href":"https:\/\/www.fuldaernachrichten.de\/index.php?rest_route=%2Fwp%2Fv2%2Fcomments&post=174407"}],"version-history":[{"count":1,"href":"https:\/\/www.fuldaernachrichten.de\/index.php?rest_route=\/wp\/v2\/posts\/174407\/revisions"}],"predecessor-version":[{"id":174408,"href":"https:\/\/www.fuldaernachrichten.de\/index.php?rest_route=\/wp\/v2\/posts\/174407\/revisions\/174408"}],"wp:attachment":[{"href":"https:\/\/www.fuldaernachrichten.de\/index.php?rest_route=%2Fwp%2Fv2%2Fmedia&parent=174407"}],"wp:term":[{"taxonomy":"category","embeddable":true,"href":"https:\/\/www.fuldaernachrichten.de\/index.php?rest_route=%2Fwp%2Fv2%2Fcategories&post=174407"},{"taxonomy":"post_tag","embeddable":true,"href":"https:\/\/www.fuldaernachrichten.de\/index.php?rest_route=%2Fwp%2Fv2%2Ftags&post=174407"}],"curies":[{"name":"wp","href":"https:\/\/api.w.org\/{rel}","templated":true}]}}