{"id":174394,"date":"2018-05-30T19:01:42","date_gmt":"2018-05-30T17:01:42","guid":{"rendered":"http:\/\/www.fuldaer-nachrichten.de\/?p=174394"},"modified":"2018-05-30T19:01:42","modified_gmt":"2018-05-30T17:01:42","slug":"theaterbuero-stadtarchiv-und-weitere-bueros-geschlossen","status":"publish","type":"post","link":"https:\/\/www.fuldaernachrichten.de\/?p=174394","title":{"rendered":"Theaterb\u00fcro, Stadtarchiv und weitere B\u00fcros geschlossen"},"content":{"rendered":"<p>Wegen einer dienstlichen Veranstaltung bleiben das Theaterb\u00fcro des Fuldaer Schlosstheaters, das Stadtarchiv sowie die Sekretariate der st\u00e4dtischen Volkshochschule und der Musikschule am Dienstag, 5. Juni, ganzt\u00e4gig geschlossen. Zus\u00e4tzlich ist das Theaterb\u00fcro wegen einer Weiterbildung auch am Montag, 4. Juni, geschlossen.<\/p>\n","protected":false},"excerpt":{"rendered":"<div class=\"tmnf_excerpt\"><p>Wegen einer dienstlichen Veranstaltung bleiben das Theaterb\u00fcro des Fuldaer Schlosstheaters, das Stadtarchiv sowie die Sekretariate der st\u00e4dtischen Volkshochschule und der Musikschule am Dienstag, 5. Juni, ganzt\u00e4gig geschlossen. Zus\u00e4tzlich ist das Theaterb\u00fcro wegen einer Weiterbildung auch am Montag, 4. Juni, geschlossen.<\/p>\n<\/div>","protected":false},"author":1,"featured_media":0,"comment_status":"closed","ping_status":"closed","sticky":false,"template":"","format":"standard","meta":{"footnotes":""},"categories":[1],"tags":[],"class_list":["post-174394","post","type-post","status-publish","format-standard","hentry","category-startseite"],"_links":{"self":[{"href":"https:\/\/www.fuldaernachrichten.de\/index.php?rest_route=\/wp\/v2\/posts\/174394","targetHints":{"allow":["GET"]}}],"collection":[{"href":"https:\/\/www.fuldaernachrichten.de\/index.php?rest_route=\/wp\/v2\/posts"}],"about":[{"href":"https:\/\/www.fuldaernachrichten.de\/index.php?rest_route=\/wp\/v2\/types\/post"}],"author":[{"embeddable":true,"href":"https:\/\/www.fuldaernachrichten.de\/index.php?rest_route=\/wp\/v2\/users\/1"}],"replies":[{"embeddable":true,"href":"https:\/\/www.fuldaernachrichten.de\/index.php?rest_route=%2Fwp%2Fv2%2Fcomments&post=174394"}],"version-history":[{"count":1,"href":"https:\/\/www.fuldaernachrichten.de\/index.php?rest_route=\/wp\/v2\/posts\/174394\/revisions"}],"predecessor-version":[{"id":174395,"href":"https:\/\/www.fuldaernachrichten.de\/index.php?rest_route=\/wp\/v2\/posts\/174394\/revisions\/174395"}],"wp:attachment":[{"href":"https:\/\/www.fuldaernachrichten.de\/index.php?rest_route=%2Fwp%2Fv2%2Fmedia&parent=174394"}],"wp:term":[{"taxonomy":"category","embeddable":true,"href":"https:\/\/www.fuldaernachrichten.de\/index.php?rest_route=%2Fwp%2Fv2%2Fcategories&post=174394"},{"taxonomy":"post_tag","embeddable":true,"href":"https:\/\/www.fuldaernachrichten.de\/index.php?rest_route=%2Fwp%2Fv2%2Ftags&post=174394"}],"curies":[{"name":"wp","href":"https:\/\/api.w.org\/{rel}","templated":true}]}}