{"id":174386,"date":"2018-05-30T18:59:23","date_gmt":"2018-05-30T16:59:23","guid":{"rendered":"http:\/\/www.fuldaer-nachrichten.de\/?p=174386"},"modified":"2018-05-30T18:59:23","modified_gmt":"2018-05-30T16:59:23","slug":"energetische-sanierung","status":"publish","type":"post","link":"https:\/\/www.fuldaernachrichten.de\/?p=174386","title":{"rendered":"Energetische Sanierung"},"content":{"rendered":"<p>Im Rahmen der energetischen Sanierung der Pausenhalle der L\u00fcdertalschule hatte das Geb\u00e4udemanagement des Landkreises die Elektroinstallationsarbeiten ausgeschrieben. Das g\u00fcnstigste Angebot belief sich auf 28.000 Euro und erhielt in der Kreisausschusssitzung auch den Zuschlag.<\/p>\n","protected":false},"excerpt":{"rendered":"<div class=\"tmnf_excerpt\"><p>Im Rahmen der energetischen Sanierung der Pausenhalle der L\u00fcdertalschule hatte das Geb\u00e4udemanagement des Landkreises die Elektroinstallationsarbeiten ausgeschrieben. Das g\u00fcnstigste Angebot belief sich auf 28.000 Euro und erhielt in der Kreisausschusssitzung auch den Zuschlag.<\/p>\n<\/div>","protected":false},"author":1,"featured_media":0,"comment_status":"closed","ping_status":"closed","sticky":false,"template":"","format":"standard","meta":{"footnotes":""},"categories":[1],"tags":[],"class_list":["post-174386","post","type-post","status-publish","format-standard","hentry","category-startseite"],"_links":{"self":[{"href":"https:\/\/www.fuldaernachrichten.de\/index.php?rest_route=\/wp\/v2\/posts\/174386","targetHints":{"allow":["GET"]}}],"collection":[{"href":"https:\/\/www.fuldaernachrichten.de\/index.php?rest_route=\/wp\/v2\/posts"}],"about":[{"href":"https:\/\/www.fuldaernachrichten.de\/index.php?rest_route=\/wp\/v2\/types\/post"}],"author":[{"embeddable":true,"href":"https:\/\/www.fuldaernachrichten.de\/index.php?rest_route=\/wp\/v2\/users\/1"}],"replies":[{"embeddable":true,"href":"https:\/\/www.fuldaernachrichten.de\/index.php?rest_route=%2Fwp%2Fv2%2Fcomments&post=174386"}],"version-history":[{"count":1,"href":"https:\/\/www.fuldaernachrichten.de\/index.php?rest_route=\/wp\/v2\/posts\/174386\/revisions"}],"predecessor-version":[{"id":174387,"href":"https:\/\/www.fuldaernachrichten.de\/index.php?rest_route=\/wp\/v2\/posts\/174386\/revisions\/174387"}],"wp:attachment":[{"href":"https:\/\/www.fuldaernachrichten.de\/index.php?rest_route=%2Fwp%2Fv2%2Fmedia&parent=174386"}],"wp:term":[{"taxonomy":"category","embeddable":true,"href":"https:\/\/www.fuldaernachrichten.de\/index.php?rest_route=%2Fwp%2Fv2%2Fcategories&post=174386"},{"taxonomy":"post_tag","embeddable":true,"href":"https:\/\/www.fuldaernachrichten.de\/index.php?rest_route=%2Fwp%2Fv2%2Ftags&post=174386"}],"curies":[{"name":"wp","href":"https:\/\/api.w.org\/{rel}","templated":true}]}}