{"id":174363,"date":"2018-05-30T18:50:46","date_gmt":"2018-05-30T16:50:46","guid":{"rendered":"http:\/\/www.fuldaer-nachrichten.de\/?p=174363"},"modified":"2018-05-30T18:50:46","modified_gmt":"2018-05-30T16:50:46","slug":"annika-mundschenk-laeuft-fuer-die-kleinen-riesen","status":"publish","type":"post","link":"https:\/\/www.fuldaernachrichten.de\/?p=174363","title":{"rendered":"Annika Mundschenk l\u00e4uft f\u00fcr die Kleinen Riesen"},"content":{"rendered":"<p>00 Kilometer in 24 Stunden. Das will Annika Mundschenk aus Staufenberg beim au\u00dfergew\u00f6hnlichen Rhein-Ahr-Marsch wandern und damit Spenden zugunsten des Vereins \u201eKleinen Riesen Nordhessen\u201c sammeln. Der Verein ist der Tr\u00e4ger des Kinder PalliativTeams Nordhessen und betreut medizinisch-pflegerisch und psychosozial schwerkranke und sterbende Kinder und ihre Familien in Nordhessen.<\/p>\n<p>\u201eDie Organisatoren des Rhein-Ahr-Marsches schlagen den Wanderern vor, f\u00fcr einen guten Zweck zu laufen\u201c, berichtet Mundschenk. Durch die Facebookseite ist die vierfache Mutter auf die Kleinen Riesen aufmerksam geworden. Aus pers\u00f6nlichen Gr\u00fcnden m\u00f6chte sie die Arbeit des Vereins unterst\u00fctzen. Vor drei Jahren wurde bei ihrer Tochter ein Tumor festgestellt. Es folgten eine Operation und ein Klinikaufenthalt. \u201eZum Gl\u00fcck war er gutartig\u201c, so Mundschenk dankbar. \u201eDie Zeit der Ungewissheit und das Auf und Ab der Gef\u00fchle war das Schlimmste f\u00fcr die ganze Familie\u201c, erinnert sie sich. Noch heute muss sie mit ihrer Tochter zur regelm\u00e4\u00dfigen Kontrolle. Diese f\u00fchrt Professor Dr. Michaela Nathrath, die Vereinsvorsitzenden der Kleinen Riesen Nordhessen, durch. \u201eIch wei\u00df, dass es bei vielen anderen Familien nicht so gut ausgeht\u201c gibt sie zu bedenken. All das sei f\u00fcr die ausgebildete Fitnesstrainerin Motivation, 100 Kilometer in 24 Stunden zu wandern. Unter dem Motto \u201eMein gro\u00dfer Marsch f\u00fcr die Kleinen Riesen\u201c wird Mundschenk vom 6. auf den 7. Juli beim Rhein-Ahr-Marsch mitlaufen. Sie sei gut vorbereitet und hat Erfahrung. Im letzten Jahr lief sie schon einmal mit und schaffte 50 Kilometer. Los geht es abends um 20 Uhr. \u201eAusgestattet mit Stirnlampe, Warnweste, Rucksack und Blicklicht wandere ich in die Nacht hinein,\u201c erkl\u00e4rt Annika Mundschenk. \u201eAuf der Strecke verteilt sind Verpflegungsposten. Dort kann man auch mal eine kurze Pause einlegen. Diese sollen bei mir aber nicht l\u00e4nger als 15 Minuten dauern.\u201c Um 8 Uhr morgens sto\u00dfen dann die Wanderer hinzu, die 50 Kilometer mitlaufen. Darunter wird auch Annika Mundschenks Ehemann sein. \u201eEr ist dann noch ausgeruht und kann mich in den letzten Kilometern motivieren\u201c, erz\u00e4hlt sie. \u201eEs ist schon eine Herausforderung aber machbar\u201c, da ist sich Annika Mundschenk sicher und hofft auf viele Spender.<\/p>\n<p>Wer Annika Mundschenk unterst\u00fctzten m\u00f6chte kann entweder eine pauschale Summe spenden oder einen entsprechenden Beitrag pro gelaufenem Kilometer. F\u00fcr den Marsch ist ein Spendenkonto eingerichtet: IBAN DE18 2605 1450 3392 0784 10, BIC NOLADE21HMU, Annika Mundschenk.<\/p>\n<p>\u00dcber die Facebookseite facebook.com\/100kmMarsch\/ berichtet Annika Mundschenk \u00fcber ihre Teilnahme am Rhein-Ahr-Marsch.<\/p>\n<p>&nbsp;<\/p>\n<p>Hintergrund<br \/>\n<em>Der gemeinn\u00fctzige Verein \u201eKleine Riesen Nordhessen e.V.\u201c ist der rechtliche Tr\u00e4ger des KinderPalliativTeams Nordhessen. Er engagiert sich f\u00fcr den Aufbau und die dauerhaft zuverl\u00e4ssige Etablierung des ambulanten Teams aus \u00c4rzten, Pflegern, Psychologen und Therapeuten zur medizinisch-pflegerischen und psychosozialen Versorgung von schwerkranken und sterbenden Kindern und Jugendlichen im Regierungsbezirk Kassel und den angrenzenden Landkreisen. Ziel des im April 2014 gegr\u00fcndeten Vereins ist es, durch das Einwerben von Spenden und dem Aufruf zu b\u00fcrgerlichem Engagement das bestehende Versorgungsnetz nachhaltig auszubauen, um eine umfassende Betreuung am Lebensende f\u00fcr alle schwerstkranken Kinder in ganz Nordhessen gew\u00e4hrleisten zu k\u00f6nnen. Dazu z\u00e4hlt auch die Erf\u00fcllung von Herzensw\u00fcnschen der betreuten Kinder.\u00e2\u20ac\u00a8Zudem stehen die Unterst\u00fctzung von wissenschaftlichen Aktivit\u00e4ten und Forschungsvorhaben im Bereich der Kinderh\u00e4matologie und \u2013onkologie sowie der p\u00e4diatrischen Palliativmedizin\u00c2\u00a0im Regierungsbezirk Kassel im Satzungszweck festgeschrieben.<\/em><br \/>\n<em>All das hat das Ziel, die Situation unheilbar kranker und krebskranker Kinder und Jugendlicher sowie deren Familien in den St\u00e4dten und Landkreisen Kassel und Fulda ein St\u00fcck weit zu erleichtern und ertr\u00e4glicher zu machen.<\/em><\/p>\n","protected":false},"excerpt":{"rendered":"<div class=\"tmnf_excerpt\"><p>00 Kilometer in 24 Stunden. Das will Annika Mundschenk aus Staufenberg beim au\u00dfergew\u00f6hnlichen Rhein-Ahr-Marsch wandern und damit Spenden zugunsten des Vereins \u201eKleinen Riesen Nordhessen\u201c sammeln. Der Verein ist der Tr\u00e4ger des Kinder PalliativTeams Nordhessen und betreut medizinisch-pflegerisch und psychosozial schwerkranke und sterbende Kinder und ihre Familien in Nordhessen. \u201eDie Organisatoren des Rhein-Ahr-Marsches schlagen den Wanderern &hellip;<\/p>\n<\/div>","protected":false},"author":1,"featured_media":0,"comment_status":"closed","ping_status":"closed","sticky":false,"template":"","format":"standard","meta":{"footnotes":""},"categories":[1],"tags":[],"class_list":["post-174363","post","type-post","status-publish","format-standard","hentry","category-startseite"],"_links":{"self":[{"href":"https:\/\/www.fuldaernachrichten.de\/index.php?rest_route=\/wp\/v2\/posts\/174363","targetHints":{"allow":["GET"]}}],"collection":[{"href":"https:\/\/www.fuldaernachrichten.de\/index.php?rest_route=\/wp\/v2\/posts"}],"about":[{"href":"https:\/\/www.fuldaernachrichten.de\/index.php?rest_route=\/wp\/v2\/types\/post"}],"author":[{"embeddable":true,"href":"https:\/\/www.fuldaernachrichten.de\/index.php?rest_route=\/wp\/v2\/users\/1"}],"replies":[{"embeddable":true,"href":"https:\/\/www.fuldaernachrichten.de\/index.php?rest_route=%2Fwp%2Fv2%2Fcomments&post=174363"}],"version-history":[{"count":1,"href":"https:\/\/www.fuldaernachrichten.de\/index.php?rest_route=\/wp\/v2\/posts\/174363\/revisions"}],"predecessor-version":[{"id":174364,"href":"https:\/\/www.fuldaernachrichten.de\/index.php?rest_route=\/wp\/v2\/posts\/174363\/revisions\/174364"}],"wp:attachment":[{"href":"https:\/\/www.fuldaernachrichten.de\/index.php?rest_route=%2Fwp%2Fv2%2Fmedia&parent=174363"}],"wp:term":[{"taxonomy":"category","embeddable":true,"href":"https:\/\/www.fuldaernachrichten.de\/index.php?rest_route=%2Fwp%2Fv2%2Fcategories&post=174363"},{"taxonomy":"post_tag","embeddable":true,"href":"https:\/\/www.fuldaernachrichten.de\/index.php?rest_route=%2Fwp%2Fv2%2Ftags&post=174363"}],"curies":[{"name":"wp","href":"https:\/\/api.w.org\/{rel}","templated":true}]}}