{"id":174353,"date":"2018-05-30T18:45:56","date_gmt":"2018-05-30T16:45:56","guid":{"rendered":"http:\/\/www.fuldaer-nachrichten.de\/?p=174353"},"modified":"2018-05-30T18:45:56","modified_gmt":"2018-05-30T16:45:56","slug":"wir-bitten-zu-tisch-familientag-im-bistum-fulda-27-5-2018","status":"publish","type":"post","link":"https:\/\/www.fuldaernachrichten.de\/?p=174353","title":{"rendered":"\u201eWir bitten zu Tisch\u201c &#8211; Familientag im Bistum Fulda (27.5.2018)"},"content":{"rendered":"<p>\u201eWir bitten zu Tisch\u201c \u2013 das Motto des diesj\u00e4hrigen Familientages im Bistum Fulda zog sich wie ein roter Faden durch den Tag. Dieser Einladung der Familienseelsorge im Bistum Fulda, der katholischen Familienbildungsst\u00e4tte Helene Weber Fulda, des Forums Michaelshof, der Sch\u00f6nstatt-Familienbewegung, von Kolping und weiteren Verb\u00e4nde sind etwa 200 Menschen aus den verschiedenen Regionen des Bistums gefolgt.<br \/>\nZun\u00e4chst stand ein ganz besonderer Tisch im Zentrum, n\u00e4mlich der Altar. Um den herum feierten die Familien mit Di\u00f6zesanfamilienseelsorger Prof. Dr. Christoph G. M\u00fcller den Gottesdienst im Freien auf dem Gel\u00e4nde des Bonifatiushauses. In der Predigt lie\u00df Christoph M\u00fcller seinen Tisch \u201ezu Wort kommen\u201c, der sich w\u00fcnschte, dass der Tisch nicht nur in der Mitte der Wohnungen steht, sondern auch wirklich als Ort genutzt wird, an dem man sich trifft, sich austauscht und auch einmal unangenehme Dingen bespricht, dass der Tisch Ort ist der Begegnung, der Gemeinschaft und der Vers\u00f6hnung. Die Kinder und Jugendlichen, die gern wollten, konnten sich an der Gestaltung des Gottesdienstes beteiligen. Die Band \u201eExhalation\u201c aus Petersberg gestaltete den Gottesdienst musikalisch.<br \/>\nDas Musical \u201eKain und Abel\u201c war der H\u00f6hepunkt des Nachmittags. In einem spannenden Gerichtsprozess wurde der Ackerbauer Kain wegen Mordes an seinem Bruder Abel angeklagt. Was ist Schuld? Wer hat Schuld? Und was hei\u00dft das f\u00fcr einen Menschen, der schuldig geworden ist? Diesen Fragen ging das Musical in beeindruckender Weise nach.<br \/>\n\u201eKain und Abel\u201c wurde von Thomas N\u00fcdling und Marita Engel geschrieben und ist in einem Mehrgenerationen-Projekt des Forums Michaelshof unter der Leitung von Thomas N\u00fcdling, Relindis Kn\u00f6chelmann, Sylvia Reinhardt und Veronika Klawitter erarbeitet und aufgef\u00fchrt worden. Das Besondere dabei ist, dass \u00fcber 40 Menschen jeden Alters und mit ganz unterschiedlichen Begabungen dieses Musical zum Leben erweckt haben. Jede und jeder konnte einbringen, was er oder sie am besten kann. So sangen manche Kinder und Erwachsene im Chor, andere hatten Soloauftritte oder entwarfen das B\u00fchnenbild und die Kost\u00fcme. Es ist ein beeindruckendes Musicalerlebnis daraus entstanden.<br \/>\nEin buntes Programm mit vielf\u00e4ltigen Bastel- und Spielangeboten f\u00fcr Kinder und Jugendliche schloss sich an, mit Austausch- und Informationsm\u00f6glichkeiten zu den Elternkursen \u201eKess-erziehen\u201c, Angeboten der Familienverb\u00e4nde und Beratungsstellen sowie dem \u201ePaarcheck\u201c, der den Paarkompetenzen auf den Grund ging. Gro\u00dfen Zulauf fanden nat\u00fcrlich auch die H\u00fcpfburg und das fachkundig angeleitete Bogenschie\u00dfen. Die Familie sch\u00e4tzen die Zeit f\u00fcr Begegnung und Gespr\u00e4ch mit anderen Familien sehr.<br \/>\n\u201eWir bitten zu Tisch\u201c stand thematisch noch einmal f\u00fcr eine \u201eExpertenrunde am Palaverbaum\u201c im Zentrum. Hermann Diehl moderierte das interessante Gespr\u00e4ch zwischen Katharina Bauer (Psychologin und Erziehungsberaterin der Beratungsstelle f\u00fcr Eltern, Kinder und Jugendliche, Fulda), Gertrud Muth (Leiterin der Katholischen Kindertagesst\u00e4tte Maria Ward, Fulda), Johannes Enders (Koch) und Eva-Lotte Neuhaus (Gemeindereferentin und kess-Kursleiterin), an dem sich alle Interessierten mit Fragen und dem Mitteilen von eigenen Erfahrungen beteiligen konnten. Gibt es im Familienalltag das gemeinsame Essen? Welchen Stellenwert und welche Bedeutung hat es? Welchen Umgang mit Lebensmitteln m\u00f6chten wir den Kindern vermitteln und wie geht das? Gibt es Rituale bei Tisch? Dies und vieles mehr waren Themen des engagierten Gespr\u00e4chs.<br \/>\nAm Ende des Familientages stand die Segnung der Familien durch den Di\u00f6zesanfamilienseelsorger Christoph G. M\u00fcller und Diakon Thomas Hielscher. \u201eEs war ein toller Tag mit einem super Programm. Wir freuen uns schon auf das n\u00e4chste Jahr\u201c, so eine Familie. \u00dcber solche R\u00fcckmeldungen freut sich das Koordinatorenteam des Tages mit Christoph M\u00fcller (Di\u00f6ze-sanfamlienseelsorger), Relindis Kn\u00f6chelmann und Thomas Hielscher (Forum Michaelshof), Erwin Schick (Leiter der Familienbildungsst\u00e4tte), Melanie M\u00f6ller und Elena Krieg (Kolping), Monika und Ulrich Goldbach (Sch\u00f6nstattbewegung), Thomas Bretz, Corinna Antochin und Doris Meyer-Ahlen (Familienseelsorge im Bistum Fulda) besonders.<\/p>\n","protected":false},"excerpt":{"rendered":"<div class=\"tmnf_excerpt\"><p>\u201eWir bitten zu Tisch\u201c \u2013 das Motto des diesj\u00e4hrigen Familientages im Bistum Fulda zog sich wie ein roter Faden durch den Tag. Dieser Einladung der Familienseelsorge im Bistum Fulda, der katholischen Familienbildungsst\u00e4tte Helene Weber Fulda, des Forums Michaelshof, der Sch\u00f6nstatt-Familienbewegung, von Kolping und weiteren Verb\u00e4nde sind etwa 200 Menschen aus den verschiedenen Regionen des Bistums &hellip;<\/p>\n<\/div>","protected":false},"author":1,"featured_media":0,"comment_status":"closed","ping_status":"closed","sticky":false,"template":"","format":"standard","meta":{"footnotes":""},"categories":[1],"tags":[],"class_list":["post-174353","post","type-post","status-publish","format-standard","hentry","category-startseite"],"_links":{"self":[{"href":"https:\/\/www.fuldaernachrichten.de\/index.php?rest_route=\/wp\/v2\/posts\/174353","targetHints":{"allow":["GET"]}}],"collection":[{"href":"https:\/\/www.fuldaernachrichten.de\/index.php?rest_route=\/wp\/v2\/posts"}],"about":[{"href":"https:\/\/www.fuldaernachrichten.de\/index.php?rest_route=\/wp\/v2\/types\/post"}],"author":[{"embeddable":true,"href":"https:\/\/www.fuldaernachrichten.de\/index.php?rest_route=\/wp\/v2\/users\/1"}],"replies":[{"embeddable":true,"href":"https:\/\/www.fuldaernachrichten.de\/index.php?rest_route=%2Fwp%2Fv2%2Fcomments&post=174353"}],"version-history":[{"count":1,"href":"https:\/\/www.fuldaernachrichten.de\/index.php?rest_route=\/wp\/v2\/posts\/174353\/revisions"}],"predecessor-version":[{"id":174354,"href":"https:\/\/www.fuldaernachrichten.de\/index.php?rest_route=\/wp\/v2\/posts\/174353\/revisions\/174354"}],"wp:attachment":[{"href":"https:\/\/www.fuldaernachrichten.de\/index.php?rest_route=%2Fwp%2Fv2%2Fmedia&parent=174353"}],"wp:term":[{"taxonomy":"category","embeddable":true,"href":"https:\/\/www.fuldaernachrichten.de\/index.php?rest_route=%2Fwp%2Fv2%2Fcategories&post=174353"},{"taxonomy":"post_tag","embeddable":true,"href":"https:\/\/www.fuldaernachrichten.de\/index.php?rest_route=%2Fwp%2Fv2%2Ftags&post=174353"}],"curies":[{"name":"wp","href":"https:\/\/api.w.org\/{rel}","templated":true}]}}