{"id":174345,"date":"2018-05-30T18:42:51","date_gmt":"2018-05-30T16:42:51","guid":{"rendered":"http:\/\/www.fuldaer-nachrichten.de\/?p=174345"},"modified":"2018-05-30T18:42:51","modified_gmt":"2018-05-30T16:42:51","slug":"jahrmarktstimmung-im-luftkurort","status":"publish","type":"post","link":"https:\/\/www.fuldaernachrichten.de\/?p=174345","title":{"rendered":"Jahrmarktstimmung im Luftkurort"},"content":{"rendered":"<p>Um Ideen f\u00fcr ihr traditionelles Stadtfest sind die Ostheimer nie verlegen. Auch bei der 32. Auflage des bunten Treibens in der malerischen Marktstra\u00dfe gibt es wieder viel Neues zu entdecken. Vom 15. bis 17. Juni feiert das Rh\u00f6nst\u00e4dtchen nahezu nonstop mit viel Flair und guter Musik. Der Eintritt ist frei.<\/p>\n<p>Los geht\u00e2\u20ac\u2122s am Freitagabend mit Umzug ins Schl\u00f6sschen zum Festbieranstich, in diesem Jahr mit den Rh\u00f6npiraten. Auf den Salut der B\u00f6llersch\u00fctzen folgt die Stadtkapelle Ostheim und im Anschluss die jungen Blasmusiker \u201eBegaxel\u201c aus Heustreu. Das Team vom Gasthaus Zur guten Quelle baut wieder seine Schlemmermeile auf.<\/p>\n<p>Am Samstag und Sonntag herrscht von 10 bis 18 Uhr bunte Jahrmarktstimmung entlang der Marktstra\u00dfe. Verkaufs- und Schlemmerst\u00e4nde laden zum Bummeln ein. Karussell und Kindereisenbahn drehen sich und im Fun Jumper kann jeder Luftspr\u00fcnge machen. Vor dem Rathaus und im Steinig sorgt Livemusik f\u00fcr Top-Stimmung. Im Schl\u00f6sschen lockt eine Showb\u00fchne. Der Kunsthandwerkermarkt im Gelben Schloss und das Wagnereimuseum locken mit handwerklichen Vorf\u00fchrungen. Das Rad der Zeit dreht die Laienspielgruppe des Schauspiels \u201eKroatensturm\u201c beim mittelalterlichen Dorfleben zur\u00fcck. Wer nicht aufpasst, landet unter viel Gel\u00e4chter im Gef\u00e4ngnis.<\/p>\n<p>Im Steinig pr\u00e4sentieren im Rahmen der Ostheimer Gewerbeschau \u00f6rtliche Firmen ihre Produkte und Dienstleistungen mit Aktionen und Gewinnspielen wie der Ostheimer Schatzsuche.<\/p>\n<p>Auch der Rh\u00f6ner Wurstmarkt l\u00e4sst schon gr\u00fc\u00dfen: Der frisch gek\u00fcrte Fleischsommelier Andreas Ortlepp stellt seine Grillspezialit\u00e4ten und das Grillkursprogramm vor. Vor dem Rathaus gibt es eine Verkostung mit Johannes der METzger und vor dem Gasthaus Krone macht der Foodtruck Station.<\/p>\n<p>Party und Tanz steht am Samstag ab 20:00 Uhr auf dem Programm (Eintritt 5 \u00e2\u201a\u00ac, bis 20 Uhr Eintritt frei). Vor dem Rathaus gibt es Livemusik mit \u201eDie Rh\u00f6ner S\u00e4uw\u00e4nzt\u201c. St\u00e4rkungen gibt es im Foodtruck und an der Cocktailbar. Im Schl\u00f6sschen heizt DJ Chris Only mit Hits aus den Jahren 1990 bis 2000 ein. F\u00fcr die Verpflegung sorgt das Gasthaus Zur guten Quelle. Im Steinig sind die Stimmungsgaranten Joustix zu Gast. Auf dem Speiseplan stehen hier ger\u00e4ucherte Forellen und Weine an der Weinbar.<\/p>\n<p>Die Gesch\u00e4fte haben am Sonntag von 13 bis 17 Uhr verkaufsoffen. Der Eintritt zum Stadtfest ist tags\u00fcber an allen drei Tagen frei. Die Durchfahrt ist am Samstag und Sonntag nicht m\u00f6glich, kostenfreie Parkpl\u00e4tze sind reichlich vorhanden. Weitere Informationen: Tourist-Info Ostheim v.d. Rh\u00f6n, Tel. 09777 18 50, www.ostheim-rhoen.de und Facebook.<\/p>\n","protected":false},"excerpt":{"rendered":"<div class=\"tmnf_excerpt\"><p>Um Ideen f\u00fcr ihr traditionelles Stadtfest sind die Ostheimer nie verlegen. Auch bei der 32. Auflage des bunten Treibens in der malerischen Marktstra\u00dfe gibt es wieder viel Neues zu entdecken. Vom 15. bis 17. Juni feiert das Rh\u00f6nst\u00e4dtchen nahezu nonstop mit viel Flair und guter Musik. Der Eintritt ist frei. Los geht\u00e2\u20ac\u2122s am Freitagabend mit &hellip;<\/p>\n<\/div>","protected":false},"author":1,"featured_media":0,"comment_status":"closed","ping_status":"closed","sticky":false,"template":"","format":"standard","meta":{"footnotes":""},"categories":[1],"tags":[],"class_list":["post-174345","post","type-post","status-publish","format-standard","hentry","category-startseite"],"_links":{"self":[{"href":"https:\/\/www.fuldaernachrichten.de\/index.php?rest_route=\/wp\/v2\/posts\/174345","targetHints":{"allow":["GET"]}}],"collection":[{"href":"https:\/\/www.fuldaernachrichten.de\/index.php?rest_route=\/wp\/v2\/posts"}],"about":[{"href":"https:\/\/www.fuldaernachrichten.de\/index.php?rest_route=\/wp\/v2\/types\/post"}],"author":[{"embeddable":true,"href":"https:\/\/www.fuldaernachrichten.de\/index.php?rest_route=\/wp\/v2\/users\/1"}],"replies":[{"embeddable":true,"href":"https:\/\/www.fuldaernachrichten.de\/index.php?rest_route=%2Fwp%2Fv2%2Fcomments&post=174345"}],"version-history":[{"count":1,"href":"https:\/\/www.fuldaernachrichten.de\/index.php?rest_route=\/wp\/v2\/posts\/174345\/revisions"}],"predecessor-version":[{"id":174346,"href":"https:\/\/www.fuldaernachrichten.de\/index.php?rest_route=\/wp\/v2\/posts\/174345\/revisions\/174346"}],"wp:attachment":[{"href":"https:\/\/www.fuldaernachrichten.de\/index.php?rest_route=%2Fwp%2Fv2%2Fmedia&parent=174345"}],"wp:term":[{"taxonomy":"category","embeddable":true,"href":"https:\/\/www.fuldaernachrichten.de\/index.php?rest_route=%2Fwp%2Fv2%2Fcategories&post=174345"},{"taxonomy":"post_tag","embeddable":true,"href":"https:\/\/www.fuldaernachrichten.de\/index.php?rest_route=%2Fwp%2Fv2%2Ftags&post=174345"}],"curies":[{"name":"wp","href":"https:\/\/api.w.org\/{rel}","templated":true}]}}