{"id":174340,"date":"2018-05-30T18:41:26","date_gmt":"2018-05-30T16:41:26","guid":{"rendered":"http:\/\/www.fuldaer-nachrichten.de\/?p=174340"},"modified":"2018-05-30T18:41:26","modified_gmt":"2018-05-30T16:41:26","slug":"kunst-hoch-drei-fuer-die-bildhauerei-2","status":"publish","type":"post","link":"https:\/\/www.fuldaernachrichten.de\/?p=174340","title":{"rendered":"Kunst hoch drei f\u00fcr die Bildhauerei"},"content":{"rendered":"<p>Die Triennale Franken in der Kunsthalle Schweinfurt findet ab 29. Juni zum vierten Mal statt. Erstmals bereichern drei Rh\u00f6n-Grabfelder Kultureinrichtungen das Programm unter dem Motto \u201eRaumzust\u00e4nde \u2013 Bildhauerei heute\u201c. F\u00fcr Kulturinteressierte ist das Gemeinschaftsprojekt bis November eine Fundgrube f\u00fcr spannende Veranstaltungen.<\/p>\n<p>Bei der Auftakt-Pressekonferenz in der Kunsthalle Schweinfurt am 14. Mai waren die Rh\u00f6ner Repr\u00e4sentanten vom Kloster Wechterswinkel, von der Holzbildhauerschule Bischofsheim und vom K\u00fcnstlerdorf Langenleiten zu Gast. Die Kulturschaffenden machten in Film und Vortrag neugierig auf das vielf\u00e4ltige Programm im n\u00f6rdlichsten Landkreis Unterfrankens. Stolz zeigte sich auch Landrat Thomas Habermann \u00fcber das erfolgreiche Netzwerk der Kulturschaffenden \u00fcber die Landkreisgrenzen hinaus. In seinem Gru\u00dfwort unterstrich der Politiker den hohen Stellenwert der Kunst in der Region.<\/p>\n<p>\u201eDie Triennale IV. unter dem Motto \u201eRaumZust\u00e4nde \u2013 Bildhauerei heute\u201c richtet den Fokus auf das skulpturale Schaffen in den drei fr\u00e4nkischen Regierungsbezirken\u201c, erl\u00e4uterte die Kuratorin Dr. Barbara Kahle vor der Presse. In der Kunsthalle und in den R\u00e4umen des Kunstvereins Schweinfurt e.V. als zentralem Ausstellungsort der Triennale wurden 16 K\u00fcnstler und K\u00fcnstlerinnen aus ganz Deutschland ausgew\u00e4hlt, deren Arbeiten die unglaubliche Erweiterung vom Schnitzhandwerk \u00fcber das Kunsthandwerk bis zur Kunst zeigen. Die Exponate zeugen von der Vielschichtigkeit der Bildhauerei heute. Zu sehen sind dabei Skulpturen mit einer H\u00f6he von bis zu vier Metern, so die Leiterin der Kunsthalle und Verantwortliche f\u00fcr das gesamte Projekt Andrea Brandl beim Pressegespr\u00e4ch.<br \/>\nInfo www.kunsthalle-schweinfurt.de<br \/>\n\u00e2\u20ac\u00a6\u00e2\u20ac\u00a6\u00e2\u20ac\u00a6\u00e2\u20ac\u00a6\u00e2\u20ac\u00a6\u00e2\u20ac\u00a6\u00e2\u20ac\u00a6\u00e2\u20ac\u00a6\u00e2\u20ac\u00a6\u00e2\u20ac\u00a6\u00e2\u20ac\u00a6\u00e2\u20ac\u00a6\u00e2\u20ac\u00a6\u00e2\u20ac\u00a6\u00e2\u20ac\u00a6\u00e2\u20ac\u00a6\u00e2\u20ac\u00a6\u00e2\u20ac\u00a6\u00e2\u20ac\u00a6\u00e2\u20ac\u00a6\u00e2\u20ac\u00a6\u00e2\u20ac\u00a6\u00e2\u20ac\u00a6\u00e2\u20ac\u00a6\u00e2\u20ac\u00a6\u00e2\u20ac\u00a6\u00e2\u20ac\u00a6\u00e2\u20ac\u00a6\u00e2\u20ac\u00a6\u00e2\u20ac\u00a6\u00e2\u20ac\u00a6\u00e2\u20ac\u00a6\u00e2\u20ac\u00a6\u00e2\u20ac\u00a6\u00e2\u20ac\u00a6\u00e2\u20ac\u00a6\u00e2\u20ac\u00a6\u00e2\u20ac\u00a6\u00e2\u20ac\u00a6\u00e2\u20ac\u00a6\u00e2\u20ac\u00a6\u00e2\u20ac\u00a6\u00e2\u20ac\u00a6\u00e2\u20ac\u00a6..\u00e2\u20ac\u00a6<\/p>\n<p>Den Beitrag zur Triennale IV im Kloster Wechterswinkel stellte Kulturmanagerin Astrid Scherpf unter dem Motto \u201eFundamente. Philipp Mendler, Wegbegleiter und Sch\u00fcler\u201c vor. Vom 13. Juli bis 04. November widmet sich die Ausstellung zeitgen\u00f6ssischer Bildhauerei in der Rh\u00f6n und verliert dabei ganz bewusst die regionalen Wurzeln nicht aus den Augen. Zahlreiche Sch\u00fcler aus dem gesamten Bundesgebiet und ehemalige Lehrer pr\u00e4sentieren ihre Arbeiten unter dem Skulpturen-Aspekt. Im Mittelpunkt der Ausstellung steht Philipp Mendler, Schulleiter der Holzbildhauerschule Bischofsheim von 1973 bis 1981. Durch ihn gewann die Lehreinrichtung eine neue k\u00fcnstlerische Ausrichtung und erlebte den Wandel von der Schnitzschule zur Berufsfachschule f\u00fcr Holzbildhauer. Die Ausstellung war schon lange angedacht und konnte nun passend zum zehnj\u00e4hrigen Jubil\u00e4um des Kreiskulturzentrums Kloster Wechterswinkel umgesetzt werden. INFO www.kloster-wechterswinkel.de<br \/>\n\u00e2\u20ac\u00a6\u00e2\u20ac\u00a6\u00e2\u20ac\u00a6\u00e2\u20ac\u00a6\u00e2\u20ac\u00a6\u00e2\u20ac\u00a6\u00e2\u20ac\u00a6\u00e2\u20ac\u00a6\u00e2\u20ac\u00a6\u00e2\u20ac\u00a6\u00e2\u20ac\u00a6\u00e2\u20ac\u00a6\u00e2\u20ac\u00a6\u00e2\u20ac\u00a6\u00e2\u20ac\u00a6\u00e2\u20ac\u00a6\u00e2\u20ac\u00a6\u00e2\u20ac\u00a6\u00e2\u20ac\u00a6\u00e2\u20ac\u00a6\u00e2\u20ac\u00a6\u00e2\u20ac\u00a6\u00e2\u20ac\u00a6\u00e2\u20ac\u00a6\u00e2\u20ac\u00a6\u00e2\u20ac\u00a6\u00e2\u20ac\u00a6\u00e2\u20ac\u00a6\u00e2\u20ac\u00a6\u00e2\u20ac\u00a6\u00e2\u20ac\u00a6\u00e2\u20ac\u00a6\u00e2\u20ac\u00a6\u00e2\u20ac\u00a6\u00e2\u20ac\u00a6\u00e2\u20ac\u00a6\u00e2\u20ac\u00a6\u00e2\u20ac\u00a6\u00e2\u20ac\u00a6\u00e2\u20ac\u00a6\u00e2\u20ac\u00a6\u00e2\u20ac\u00a6\u00e2\u20ac\u00a6\u00e2\u20ac\u00a6..\u00e2\u20ac\u00a6<br \/>\nDie Staatliche Berufsfachschule f\u00fcr Holzbildhauer in Bischofsheim selbst gew\u00e4hrt im Rahmen der Triennale zahlreiche Einblicke in den schulischen Alltag und seine H\u00f6hepunkte. Den Auftakt bilden die Tage der offenen Schult\u00fcr vom 2. bis 22. Juli. Es folgen die Pr\u00e4sentationen der Abschlussarbeiten am 4. und 10. Juli sowie das Symposium \u201ezusammen Arbeiten\u201c vom 16. bis 21. Juli mit anschlie\u00dfender Fach- und Publikumswertung f\u00fcr die sch\u00f6nsten Werke. Auch zum Schuljahresabschluss am 22. Juli erhalten Kulturinteressierte Einblicke in die Lehreinrichtung, die sich f\u00fcr junge Leute v\u00f6llig neu ausrichtet. Geplant ist auch eine Begehbare Skulptur vom 23. bis 27. Juli auf dem Marktplatz von Bischofsheim. Die Staatliche Berufsfachschule f\u00fcr Holzbildhauer in Bischofsheim an der Rh\u00f6n begreift sich im Zusammenhang mit der Triennale 2018 als Einrichtung, die auf die Zukunft der Bildhauerei in Franken gerichtet ist, w\u00e4hrend die Partner eher die Wurzeln der Bildhauerei in Franken zeigen. www.skulpturenschule-bischofsheim.de<br \/>\n\u00e2\u20ac\u00a6\u00e2\u20ac\u00a6\u00e2\u20ac\u00a6\u00e2\u20ac\u00a6\u00e2\u20ac\u00a6\u00e2\u20ac\u00a6\u00e2\u20ac\u00a6\u00e2\u20ac\u00a6\u00e2\u20ac\u00a6\u00e2\u20ac\u00a6\u00e2\u20ac\u00a6\u00e2\u20ac\u00a6\u00e2\u20ac\u00a6\u00e2\u20ac\u00a6\u00e2\u20ac\u00a6\u00e2\u20ac\u00a6\u00e2\u20ac\u00a6\u00e2\u20ac\u00a6\u00e2\u20ac\u00a6\u00e2\u20ac\u00a6\u00e2\u20ac\u00a6\u00e2\u20ac\u00a6\u00e2\u20ac\u00a6\u00e2\u20ac\u00a6\u00e2\u20ac\u00a6\u00e2\u20ac\u00a6\u00e2\u20ac\u00a6\u00e2\u20ac\u00a6\u00e2\u20ac\u00a6\u00e2\u20ac\u00a6\u00e2\u20ac\u00a6\u00e2\u20ac\u00a6\u00e2\u20ac\u00a6\u00e2\u20ac\u00a6\u00e2\u20ac\u00a6\u00e2\u20ac\u00a6\u00e2\u20ac\u00a6\u00e2\u20ac\u00a6\u00e2\u20ac\u00a6\u00e2\u20ac\u00a6\u00e2\u20ac\u00a6\u00e2\u20ac\u00a6\u00e2\u20ac\u00a6\u00e2\u20ac\u00a6..\u00e2\u20ac\u00a6<br \/>\nDas Ehepaar J\u00fcrgen und Heike Metz organisiert die Pr\u00e4senz des Bildhauerdorfs Langenleiten im Rahmen der Triennale IV Franken. Die K\u00fcnstler der Rh\u00f6ngemeinde laden am 7.\/8. Juli sowie am 15.\/16. September in ihre Ateliers und Werkst\u00e4tten ein. Dabei k\u00f6nnen Besucher den K\u00fcnstlern nicht nur \u00fcber die Schulter schauen, sondern selbst das Schnitzholz in die Hand nehmen oder erleben, wie ein Bronzeguss entsteht. Als Kunstprojekt mit Kindern wird am 21. Juli ein Stra\u00dfenbild gestaltet. F\u00fchrungen \u00fcber den Kunstanger Langenleiten werden am 2. und 5. August angeboten. Das Bildhauerdorf Langenleiten steht exemplarisch f\u00fcr die Entwicklung, wie sich aus den Fundamenten des Handwerks, die traditionelle Holzbildhauerei hin zur zeitgen\u00f6ssischen Kunst entwickelte. Das Bildhauerdorf weist die gr\u00f6\u00dfte Atelierdichte in Franken auf. Mit den dargebotenen Veranstaltungen besteht die M\u00f6glichkeit in die dort gelebte Vielfalt k\u00fcnstlerischer Ausdrucksformen einzutauchen. INFO www.langenleiten.de<br \/>\n\u00e2\u20ac\u00a6\u00e2\u20ac\u00a6\u00e2\u20ac\u00a6\u00e2\u20ac\u00a6\u00e2\u20ac\u00a6\u00e2\u20ac\u00a6\u00e2\u20ac\u00a6\u00e2\u20ac\u00a6\u00e2\u20ac\u00a6\u00e2\u20ac\u00a6\u00e2\u20ac\u00a6\u00e2\u20ac\u00a6\u00e2\u20ac\u00a6\u00e2\u20ac\u00a6\u00e2\u20ac\u00a6\u00e2\u20ac\u00a6\u00e2\u20ac\u00a6\u00e2\u20ac\u00a6\u00e2\u20ac\u00a6\u00e2\u20ac\u00a6\u00e2\u20ac\u00a6\u00e2\u20ac\u00a6\u00e2\u20ac\u00a6\u00e2\u20ac\u00a6\u00e2\u20ac\u00a6\u00e2\u20ac\u00a6\u00e2\u20ac\u00a6\u00e2\u20ac\u00a6\u00e2\u20ac\u00a6\u00e2\u20ac\u00a6\u00e2\u20ac\u00a6\u00e2\u20ac\u00a6\u00e2\u20ac\u00a6\u00e2\u20ac\u00a6\u00e2\u20ac\u00a6\u00e2\u20ac\u00a6\u00e2\u20ac\u00a6\u00e2\u20ac\u00a6\u00e2\u20ac\u00a6\u00e2\u20ac\u00a6\u00e2\u20ac\u00a6\u00e2\u20ac\u00a6\u00e2\u20ac\u00a6\u00e2\u20ac\u00a6..\u00e2\u20ac\u00a6<br \/>\nEin vielgestaltiges Begleitprogramm sowie ein Symposium unter der Schirmherrschaft des Bezirks Unterfranken unterstreicht die \u00fcberregionale Bedeutung der Triennale Schweinfurt zus\u00e4tzlich. \u201eDer Besucher kann sich nun mutig, gepaart mit Neugier, daran machen, die gegenw\u00e4rtige Kunst aus Franken zu entdecken\u201c, appellierte Landrat Thomas Habermann abschlie\u00dfend in seinem Gru\u00dfwort vor den Medien. Die Internetseite mit dem Programm wird am 21. Juni online gehen: www.triennale-franken.<\/p>\n","protected":false},"excerpt":{"rendered":"<div class=\"tmnf_excerpt\"><p>Die Triennale Franken in der Kunsthalle Schweinfurt findet ab 29. Juni zum vierten Mal statt. Erstmals bereichern drei Rh\u00f6n-Grabfelder Kultureinrichtungen das Programm unter dem Motto \u201eRaumzust\u00e4nde \u2013 Bildhauerei heute\u201c. F\u00fcr Kulturinteressierte ist das Gemeinschaftsprojekt bis November eine Fundgrube f\u00fcr spannende Veranstaltungen. Bei der Auftakt-Pressekonferenz in der Kunsthalle Schweinfurt am 14. Mai waren die Rh\u00f6ner Repr\u00e4sentanten &hellip;<\/p>\n<\/div>","protected":false},"author":1,"featured_media":0,"comment_status":"closed","ping_status":"closed","sticky":false,"template":"","format":"standard","meta":{"footnotes":""},"categories":[1],"tags":[],"class_list":["post-174340","post","type-post","status-publish","format-standard","hentry","category-startseite"],"_links":{"self":[{"href":"https:\/\/www.fuldaernachrichten.de\/index.php?rest_route=\/wp\/v2\/posts\/174340","targetHints":{"allow":["GET"]}}],"collection":[{"href":"https:\/\/www.fuldaernachrichten.de\/index.php?rest_route=\/wp\/v2\/posts"}],"about":[{"href":"https:\/\/www.fuldaernachrichten.de\/index.php?rest_route=\/wp\/v2\/types\/post"}],"author":[{"embeddable":true,"href":"https:\/\/www.fuldaernachrichten.de\/index.php?rest_route=\/wp\/v2\/users\/1"}],"replies":[{"embeddable":true,"href":"https:\/\/www.fuldaernachrichten.de\/index.php?rest_route=%2Fwp%2Fv2%2Fcomments&post=174340"}],"version-history":[{"count":1,"href":"https:\/\/www.fuldaernachrichten.de\/index.php?rest_route=\/wp\/v2\/posts\/174340\/revisions"}],"predecessor-version":[{"id":174341,"href":"https:\/\/www.fuldaernachrichten.de\/index.php?rest_route=\/wp\/v2\/posts\/174340\/revisions\/174341"}],"wp:attachment":[{"href":"https:\/\/www.fuldaernachrichten.de\/index.php?rest_route=%2Fwp%2Fv2%2Fmedia&parent=174340"}],"wp:term":[{"taxonomy":"category","embeddable":true,"href":"https:\/\/www.fuldaernachrichten.de\/index.php?rest_route=%2Fwp%2Fv2%2Fcategories&post=174340"},{"taxonomy":"post_tag","embeddable":true,"href":"https:\/\/www.fuldaernachrichten.de\/index.php?rest_route=%2Fwp%2Fv2%2Ftags&post=174340"}],"curies":[{"name":"wp","href":"https:\/\/api.w.org\/{rel}","templated":true}]}}