{"id":174336,"date":"2018-05-30T18:40:07","date_gmt":"2018-05-30T16:40:07","guid":{"rendered":"http:\/\/www.fuldaer-nachrichten.de\/?p=174336"},"modified":"2018-05-30T18:40:07","modified_gmt":"2018-05-30T16:40:07","slug":"der-ba-x-im-mai-2018-arbeitskraeftenachfrage-bleibt-auf-hohem-niveau","status":"publish","type":"post","link":"https:\/\/www.fuldaernachrichten.de\/?p=174336","title":{"rendered":"Der BA-X im Mai 2018 &#8211; Arbeitskr\u00e4ftenachfrage bleibt auf hohem Niveau"},"content":{"rendered":"<div>Mit 232 Punkten hat sich der Stellenindex der Bundesagentur f\u00fcr Arbeit (BA-X)<\/div>\n<div>im Mai auf seinem bislang h\u00f6chsten Wert des laufenden Jahres gehalten.<\/div>\n<div>Dass die Arbeitskr\u00e4ftenachfrage in Hessen noch einmal kr\u00e4ftig zugelegt hat, zeigt sich an einem deutlichen Anstieg um 14 Punkte gegen\u00fcber dem Vorjahresmonat. Im Mai 2017 hatte der BA-X bei 218 Punkten gelegen, im Mai 2016 waren es nochmals 10 Punkte weniger.<\/div>\n<div><span style=\"color: #0070c0; font-family: Calibri; font-size: small;\">\u00c2\u00a0<\/span><\/div>\n<div>F\u00fcr Dr. Frank Martin, Leiter der Regionaldirektion Hessen, stehen der anhaltende Besch\u00e4ftigungsanstieg und die hohe Arbeitskr\u00e4ftenachfrage weiterhin f\u00fcr Stabilit\u00e4t:<\/div>\n<div><\/div>\n<div>\u201eDer hessische Arbeitsmarkt befindet sich in einer guten Verfassung. Die solide Wirtschaftslage und steigende Besch\u00e4ftigungszahlen sorgen bei den hessischen Unternehmen f\u00fcr einen hohen Arbeitskr\u00e4ftebedarf. Dieser Trend hat sich in den letzten Jahren kontinuierlich verst\u00e4rkt. In einzelnen Regionen und Branchen ist es bereits schwierig, diesen Bedarf zu decken.\u201c<\/div>\n<div><span style=\"color: #0070c0; font-family: Calibri; font-size: small;\">\u00c2\u00a0<\/span><\/div>\n<div>Zuletzt (April 2018) waren insgesamt 55.072 offene Stellen bei den hessischen Arbeitsagenturen und Jobcentern gemeldet. Das waren 8,8 Prozent mehr als im Vorjahresvergleich.<\/div>\n<div>Am h\u00e4ufigsten wurden Arbeitskr\u00e4fte f\u00fcr die Bereiche Lagerwirtschaft, Verkauf, Altenpflege, B\u00fcro und Sekretariat sowie Berufskraftfahrer gesucht.<\/div>\n<div><span style=\"color: #0070c0; font-family: Calibri; font-size: small;\">\u00c2\u00a0<\/span><\/div>\n<div>Die sozialversicherungspflichtige Besch\u00e4ftigung nahm gegen\u00fcber dem Vorjahr in nahezu allen Branchen zu und lag bei 2.567.300 Personen (hochgerechneter, vorl\u00e4ufiger Wert Februar 2018). Die gr\u00f6\u00dften Besch\u00e4ftigtenzahlen gab es mit 453.700 Menschen im verarbeitenden Gewerbe sowie mit 347.600 im Handel.<\/div>\n<div><span style=\"color: #0070c0; font-family: Calibri; font-size: small;\">\u00c2\u00a0<\/span><\/div>\n<div><u>Hintergrundinformation<\/u><\/div>\n<div>Der Stellenindex der Bundesagentur f\u00fcr Arbeit (BA-X) bildet die Entwicklung der Arbeitskr\u00e4ftenachfrage am ersten Arbeitsmarkt ab. Die Basis f\u00fcr den BA-Stellenindex bilden die der Bundesagentur f\u00fcr Arbeit (BA) gemeldeten ungef\u00f6rderten Arbeitsstellen, sowie die bei der BA gemeldeten Stellen f\u00fcr Freiberufler, Selbst\u00e4ndige und aus der Privaten Arbeitsvermittlung. Zur Berechnung des Index wird das Gesamtaggregat der Stellen des ersten Arbeitsmarktes saisonbereinigt.<\/div>\n<div><span style=\"font-family: Calibri; font-size: small;\">\u00c2\u00a0<\/span><\/div>\n","protected":false},"excerpt":{"rendered":"<div class=\"tmnf_excerpt\"><p>Mit 232 Punkten hat sich der Stellenindex der Bundesagentur f\u00fcr Arbeit (BA-X) im Mai auf seinem bislang h\u00f6chsten Wert des laufenden Jahres gehalten. Dass die Arbeitskr\u00e4ftenachfrage in Hessen noch einmal kr\u00e4ftig zugelegt hat, zeigt sich an einem deutlichen Anstieg um 14 Punkte gegen\u00fcber dem Vorjahresmonat. Im Mai 2017 hatte der BA-X bei 218 Punkten gelegen, &hellip;<\/p>\n<\/div>","protected":false},"author":1,"featured_media":0,"comment_status":"closed","ping_status":"closed","sticky":false,"template":"","format":"standard","meta":{"footnotes":""},"categories":[1],"tags":[],"class_list":["post-174336","post","type-post","status-publish","format-standard","hentry","category-startseite"],"_links":{"self":[{"href":"https:\/\/www.fuldaernachrichten.de\/index.php?rest_route=\/wp\/v2\/posts\/174336","targetHints":{"allow":["GET"]}}],"collection":[{"href":"https:\/\/www.fuldaernachrichten.de\/index.php?rest_route=\/wp\/v2\/posts"}],"about":[{"href":"https:\/\/www.fuldaernachrichten.de\/index.php?rest_route=\/wp\/v2\/types\/post"}],"author":[{"embeddable":true,"href":"https:\/\/www.fuldaernachrichten.de\/index.php?rest_route=\/wp\/v2\/users\/1"}],"replies":[{"embeddable":true,"href":"https:\/\/www.fuldaernachrichten.de\/index.php?rest_route=%2Fwp%2Fv2%2Fcomments&post=174336"}],"version-history":[{"count":1,"href":"https:\/\/www.fuldaernachrichten.de\/index.php?rest_route=\/wp\/v2\/posts\/174336\/revisions"}],"predecessor-version":[{"id":174337,"href":"https:\/\/www.fuldaernachrichten.de\/index.php?rest_route=\/wp\/v2\/posts\/174336\/revisions\/174337"}],"wp:attachment":[{"href":"https:\/\/www.fuldaernachrichten.de\/index.php?rest_route=%2Fwp%2Fv2%2Fmedia&parent=174336"}],"wp:term":[{"taxonomy":"category","embeddable":true,"href":"https:\/\/www.fuldaernachrichten.de\/index.php?rest_route=%2Fwp%2Fv2%2Fcategories&post=174336"},{"taxonomy":"post_tag","embeddable":true,"href":"https:\/\/www.fuldaernachrichten.de\/index.php?rest_route=%2Fwp%2Fv2%2Ftags&post=174336"}],"curies":[{"name":"wp","href":"https:\/\/api.w.org\/{rel}","templated":true}]}}