{"id":174322,"date":"2018-05-30T18:35:18","date_gmt":"2018-05-30T16:35:18","guid":{"rendered":"http:\/\/www.fuldaer-nachrichten.de\/?p=174322"},"modified":"2018-05-30T18:35:18","modified_gmt":"2018-05-30T16:35:18","slug":"jugendforum-fulda-laedt-ein-art-for-fun-fuldas-groesste-outdoor-kunstaktion-am-9-juni","status":"publish","type":"post","link":"https:\/\/www.fuldaernachrichten.de\/?p=174322","title":{"rendered":"Jugendforum Fulda l\u00e4dt ein &#8211; \u201eart for fun \u2013 Fuldas gr\u00f6\u00dfte outdoor Kunstaktion\u201c am 9. Juni"},"content":{"rendered":"<p>Am Samstag, 9. Juni 2018 ab 11 Uhr wird es im Schlossgarten Fulda bunt \u2013 das Jugendforum der Stadt Fulda bietet wieder \u201eart for fun \u2013 Fuldas gr\u00f6\u00dfte outdoor Kunstaktion\u201c an. Bis 17 Uhr finden im hinteren Teil des Schlossgartens rund um den Pavillon kostenfreie Workshops statt. Der Kunstbegriff ist dabei sehr weit gefasst \u2013 von Musik \u00fcber Graffiti bis Hennatattoos wird alles angeboten. Ein Teil der Workshops wird von Jugendlichen aus dem Jugendforum geleitet.<\/p>\n<p>Mit dem Jugendforum der Stadt Fulda wird es bunt in unserer Stadt!<br \/>\nDas Jugendforum Fulda ist f\u00fcr Jugendliche von 13 bis 19 Jahren. Einmal im Monat treffen sich immer samstags von 14 bis 16 Uhr interessierte Jugendliche und schauen gemeinsam, was sie in dieser Stadt ver\u00e4ndern und anbieten wollen. So sind ein Jugendthementag, drei Partys f\u00fcr Jugendliche, kostenfreies W-LAN in der Innenstadt sowie der Bewegungsparcours im Freien f\u00fcr Jugendliche entstanden. \u201eArt for fun\u201c ist ebenfalls von Jugendlichen aus dem Jugendforum ins Leben gerufen worden \u2013 denn im Jugendforum haben junge Menschen eine Stimme in der Stadt.<\/p>\n","protected":false},"excerpt":{"rendered":"<div class=\"tmnf_excerpt\"><p>Am Samstag, 9. Juni 2018 ab 11 Uhr wird es im Schlossgarten Fulda bunt \u2013 das Jugendforum der Stadt Fulda bietet wieder \u201eart for fun \u2013 Fuldas gr\u00f6\u00dfte outdoor Kunstaktion\u201c an. Bis 17 Uhr finden im hinteren Teil des Schlossgartens rund um den Pavillon kostenfreie Workshops statt. Der Kunstbegriff ist dabei sehr weit gefasst \u2013 &hellip;<\/p>\n<\/div>","protected":false},"author":1,"featured_media":174323,"comment_status":"closed","ping_status":"closed","sticky":false,"template":"","format":"standard","meta":{"footnotes":""},"categories":[1],"tags":[],"class_list":["post-174322","post","type-post","status-publish","format-standard","has-post-thumbnail","hentry","category-startseite"],"_links":{"self":[{"href":"https:\/\/www.fuldaernachrichten.de\/index.php?rest_route=\/wp\/v2\/posts\/174322","targetHints":{"allow":["GET"]}}],"collection":[{"href":"https:\/\/www.fuldaernachrichten.de\/index.php?rest_route=\/wp\/v2\/posts"}],"about":[{"href":"https:\/\/www.fuldaernachrichten.de\/index.php?rest_route=\/wp\/v2\/types\/post"}],"author":[{"embeddable":true,"href":"https:\/\/www.fuldaernachrichten.de\/index.php?rest_route=\/wp\/v2\/users\/1"}],"replies":[{"embeddable":true,"href":"https:\/\/www.fuldaernachrichten.de\/index.php?rest_route=%2Fwp%2Fv2%2Fcomments&post=174322"}],"version-history":[{"count":1,"href":"https:\/\/www.fuldaernachrichten.de\/index.php?rest_route=\/wp\/v2\/posts\/174322\/revisions"}],"predecessor-version":[{"id":174324,"href":"https:\/\/www.fuldaernachrichten.de\/index.php?rest_route=\/wp\/v2\/posts\/174322\/revisions\/174324"}],"wp:featuredmedia":[{"embeddable":true,"href":"https:\/\/www.fuldaernachrichten.de\/index.php?rest_route=\/wp\/v2\/media\/174323"}],"wp:attachment":[{"href":"https:\/\/www.fuldaernachrichten.de\/index.php?rest_route=%2Fwp%2Fv2%2Fmedia&parent=174322"}],"wp:term":[{"taxonomy":"category","embeddable":true,"href":"https:\/\/www.fuldaernachrichten.de\/index.php?rest_route=%2Fwp%2Fv2%2Fcategories&post=174322"},{"taxonomy":"post_tag","embeddable":true,"href":"https:\/\/www.fuldaernachrichten.de\/index.php?rest_route=%2Fwp%2Fv2%2Ftags&post=174322"}],"curies":[{"name":"wp","href":"https:\/\/api.w.org\/{rel}","templated":true}]}}