{"id":174320,"date":"2018-05-30T18:33:17","date_gmt":"2018-05-30T16:33:17","guid":{"rendered":"http:\/\/www.fuldaer-nachrichten.de\/?p=174320"},"modified":"2018-05-30T18:33:17","modified_gmt":"2018-05-30T16:33:17","slug":"die-arbeitsgemeinschaft-60plus-der-spd-laedt-zu-einem-vortrag-mit-dem-thema-pflegestufen-vorsorgevollmacht-und-patientenverfuegung-ein","status":"publish","type":"post","link":"https:\/\/www.fuldaernachrichten.de\/?p=174320","title":{"rendered":"Die Arbeitsgemeinschaft 60plus der SPD l\u00e4dt zu einem Vortrag mit dem Thema \u201ePflegestufen, Vorsorgevollmacht und Patientenverf\u00fcgung\u201c ein"},"content":{"rendered":"<p>Die Arbeitsgemeinschaft 60plus der SPD l\u00e4dt zu einem Vortrag mit dem Thema \u201ePflegestufen, Vorsorgevollmacht und Patientenverf\u00fcgung\u201c ein. Einf\u00fchren in das Thema wird der VDK-Berater Bruno Fischer, der anschlie\u00dfend auch gerne ihre Fragen beantwortet.<\/p>\n<p>Die Veranstaltung findet am Dienstag den 12.06.2018 um 15:00 Uhr in der Gastst\u00e4tte Harth, Frankfurter Str. 137, 36043 Fulda statt.<\/p>\n<p>Wir freuen uns \u00fcber alle Teilnehmerinnen und Teilnehmer, die sich f\u00fcr dieses Thema interessieren.<\/p>\n","protected":false},"excerpt":{"rendered":"<div class=\"tmnf_excerpt\"><p>Die Arbeitsgemeinschaft 60plus der SPD l\u00e4dt zu einem Vortrag mit dem Thema \u201ePflegestufen, Vorsorgevollmacht und Patientenverf\u00fcgung\u201c ein. Einf\u00fchren in das Thema wird der VDK-Berater Bruno Fischer, der anschlie\u00dfend auch gerne ihre Fragen beantwortet. Die Veranstaltung findet am Dienstag den 12.06.2018 um 15:00 Uhr in der Gastst\u00e4tte Harth, Frankfurter Str. 137, 36043 Fulda statt. Wir freuen &hellip;<\/p>\n<\/div>","protected":false},"author":1,"featured_media":0,"comment_status":"closed","ping_status":"closed","sticky":false,"template":"","format":"standard","meta":{"footnotes":""},"categories":[1],"tags":[],"class_list":["post-174320","post","type-post","status-publish","format-standard","hentry","category-startseite"],"_links":{"self":[{"href":"https:\/\/www.fuldaernachrichten.de\/index.php?rest_route=\/wp\/v2\/posts\/174320","targetHints":{"allow":["GET"]}}],"collection":[{"href":"https:\/\/www.fuldaernachrichten.de\/index.php?rest_route=\/wp\/v2\/posts"}],"about":[{"href":"https:\/\/www.fuldaernachrichten.de\/index.php?rest_route=\/wp\/v2\/types\/post"}],"author":[{"embeddable":true,"href":"https:\/\/www.fuldaernachrichten.de\/index.php?rest_route=\/wp\/v2\/users\/1"}],"replies":[{"embeddable":true,"href":"https:\/\/www.fuldaernachrichten.de\/index.php?rest_route=%2Fwp%2Fv2%2Fcomments&post=174320"}],"version-history":[{"count":1,"href":"https:\/\/www.fuldaernachrichten.de\/index.php?rest_route=\/wp\/v2\/posts\/174320\/revisions"}],"predecessor-version":[{"id":174321,"href":"https:\/\/www.fuldaernachrichten.de\/index.php?rest_route=\/wp\/v2\/posts\/174320\/revisions\/174321"}],"wp:attachment":[{"href":"https:\/\/www.fuldaernachrichten.de\/index.php?rest_route=%2Fwp%2Fv2%2Fmedia&parent=174320"}],"wp:term":[{"taxonomy":"category","embeddable":true,"href":"https:\/\/www.fuldaernachrichten.de\/index.php?rest_route=%2Fwp%2Fv2%2Fcategories&post=174320"},{"taxonomy":"post_tag","embeddable":true,"href":"https:\/\/www.fuldaernachrichten.de\/index.php?rest_route=%2Fwp%2Fv2%2Ftags&post=174320"}],"curies":[{"name":"wp","href":"https:\/\/api.w.org\/{rel}","templated":true}]}}