{"id":174292,"date":"2018-05-25T19:14:06","date_gmt":"2018-05-25T17:14:06","guid":{"rendered":"http:\/\/www.fuldaer-nachrichten.de\/?p=174292"},"modified":"2018-05-25T19:14:06","modified_gmt":"2018-05-25T17:14:06","slug":"viele-gute-eindruecke-vom-besuch-in-der-ukraine-mitgebracht","status":"publish","type":"post","link":"https:\/\/www.fuldaernachrichten.de\/?p=174292","title":{"rendered":"Viele gute Eindr\u00fccke vom Besuch in der Ukraine mitgebracht"},"content":{"rendered":"<p>Drei Mitarbeiterinnen bzw. Mitarbeiter des Caritasverbandes f\u00fcr die Di\u00f6zese Fulda besuchten jetzt den Schwesterverband im westukrainischen Iwano-Frankiwsk: In einem dreit\u00e4gigen Programm vor Ort betrachtete man gemeinsam mit dem Caritas-Team in Iwano-Frankiwsk die gemeinsamen Projekte in der Behindertenhilfe, besprach die weitere Vorgehensweise in der Partnerschaft und lernte auch Projekte und Akteure in anderen Arbeitsfeldern kennen. Eine Exkursion f\u00fchrte in die Nachbarbist\u00fcmer im S\u00fcden nach Kolomyja, wohin bereits durch Freiwilligeneins\u00e4tze im Rahmen des weltw\u00e4rts-Programms von jungen Menschen aus dem Bistum Fulda ebenfalls gute Kontakte bestehen, und nach Czernowitz an der rum\u00e4nischen Grenze, einem jungen Bistum im Aufbau, wo man mit einer ersten Pfarrcaritas-Gruppe zusammentraf und sich \u00fcber den Aufbau von Caritas-Strukturen abstimmte.<\/p>\n<p>Die vergangenen vier Jahre in der Behindertenhilfe-Zusammenarbeit waren bestimmt von einem durch Mittel der Aktion Mensch gef\u00f6rderten Projekt zum Aufbau von Selbsthilfestrukturen f\u00fcr Menschen mit Behinderungen und ihre Angeh\u00f6rigen. An sieben Orten im Bistum Iwano-Frankiwsk konnten solche Gruppen errichtet werden, die manchmal vom Ortspfarrer, oft aber auch von engagierten Personen aus der Betroffenengruppe heraus geleitet und mit einem kleinen Team selbst organisiert werden. Die Gruppen setzen \u00f6rtlich eigene Schwerpunkte, sind aber allesamt erfolgreich in Hinblick auf die Etablierung von Betreuungs- und Freizeitangeboten, gemeinsamen Aktivit\u00e4ten und Vergr\u00f6\u00dferung der Mobilit\u00e4t, Errichtung von Arbeitsm\u00f6glichkeiten sowie Lobbying und Fundraising zum Wohle der Teilhabe von\u00c2\u00a0 Menschen mit Handicap. In einer Gespr\u00e4chsrunde mit den Fuldaer Caritas-Vertretern stellten kleine Abordnungen von den einzelnen Selbsthilfegruppen ihre Konzepte und ihre j\u00fcngsten Erfolge vor. Einig war man sich darin, dass die jungen Menschen mit Behinderung durch die Selbsthilfe aufbl\u00fchten, und dass durch die Aktivit\u00e4ten der Gruppen in den betroffenen Kommunen viel Positives in Bewegung geraten sei. Man wolle unbedingt in diesem Sinne weiter arbeiten. Die Caritas-Vertreter aus Fulda und Iwano-Frankiwsk sprachen bereits auch schon \u00fcber ein gemeinsames Nachfolge-Projekt, um die Selbsthilfe in der Westukraine weiter auszubauen und zu st\u00e4rken.<\/p>\n<p>&nbsp;<\/p>\n","protected":false},"excerpt":{"rendered":"<div class=\"tmnf_excerpt\"><p>Drei Mitarbeiterinnen bzw. Mitarbeiter des Caritasverbandes f\u00fcr die Di\u00f6zese Fulda besuchten jetzt den Schwesterverband im westukrainischen Iwano-Frankiwsk: In einem dreit\u00e4gigen Programm vor Ort betrachtete man gemeinsam mit dem Caritas-Team in Iwano-Frankiwsk die gemeinsamen Projekte in der Behindertenhilfe, besprach die weitere Vorgehensweise in der Partnerschaft und lernte auch Projekte und Akteure in anderen Arbeitsfeldern kennen. Eine &hellip;<\/p>\n<\/div>","protected":false},"author":1,"featured_media":0,"comment_status":"closed","ping_status":"closed","sticky":false,"template":"","format":"standard","meta":{"footnotes":""},"categories":[1],"tags":[],"class_list":["post-174292","post","type-post","status-publish","format-standard","hentry","category-startseite"],"_links":{"self":[{"href":"https:\/\/www.fuldaernachrichten.de\/index.php?rest_route=\/wp\/v2\/posts\/174292","targetHints":{"allow":["GET"]}}],"collection":[{"href":"https:\/\/www.fuldaernachrichten.de\/index.php?rest_route=\/wp\/v2\/posts"}],"about":[{"href":"https:\/\/www.fuldaernachrichten.de\/index.php?rest_route=\/wp\/v2\/types\/post"}],"author":[{"embeddable":true,"href":"https:\/\/www.fuldaernachrichten.de\/index.php?rest_route=\/wp\/v2\/users\/1"}],"replies":[{"embeddable":true,"href":"https:\/\/www.fuldaernachrichten.de\/index.php?rest_route=%2Fwp%2Fv2%2Fcomments&post=174292"}],"version-history":[{"count":1,"href":"https:\/\/www.fuldaernachrichten.de\/index.php?rest_route=\/wp\/v2\/posts\/174292\/revisions"}],"predecessor-version":[{"id":174293,"href":"https:\/\/www.fuldaernachrichten.de\/index.php?rest_route=\/wp\/v2\/posts\/174292\/revisions\/174293"}],"wp:attachment":[{"href":"https:\/\/www.fuldaernachrichten.de\/index.php?rest_route=%2Fwp%2Fv2%2Fmedia&parent=174292"}],"wp:term":[{"taxonomy":"category","embeddable":true,"href":"https:\/\/www.fuldaernachrichten.de\/index.php?rest_route=%2Fwp%2Fv2%2Fcategories&post=174292"},{"taxonomy":"post_tag","embeddable":true,"href":"https:\/\/www.fuldaernachrichten.de\/index.php?rest_route=%2Fwp%2Fv2%2Ftags&post=174292"}],"curies":[{"name":"wp","href":"https:\/\/api.w.org\/{rel}","templated":true}]}}