{"id":174286,"date":"2018-05-25T19:11:55","date_gmt":"2018-05-25T17:11:55","guid":{"rendered":"http:\/\/www.fuldaer-nachrichten.de\/?p=174286"},"modified":"2018-05-25T19:11:55","modified_gmt":"2018-05-25T17:11:55","slug":"kleidertauschen-ein-zeichen-gegen-massenkonsum","status":"publish","type":"post","link":"https:\/\/www.fuldaernachrichten.de\/?p=174286","title":{"rendered":"Kleidertauschen, ein Zeichen gegen Massenkonsum"},"content":{"rendered":"<p>Der Verein YouRoPa Fulda e.V. zeigt mit seinem Tauschladen, wie ein konsumfreies und umweltfreundliches Leben m\u00f6glich ist. Der Raum im Geb\u00e4ude des Jugendwerks der AWO\/ L14zwo &#8211; Lindenstra\u00dfe 2, Fulda beginnt sich langsam zu f\u00fcllen. Die ersten Besucher tauschen sich \u00fcber die aufgeh\u00e4ngten und gestapelten Kleidungsst\u00fccke aus und probieren diese an. Doch was zun\u00e4chst wie ein gew\u00f6hnliches Kleidungsgesch\u00e4ft klingt, basiert in Wirklichkeit auf einem v\u00f6llig anderen Konzept: Denn wer hierhin kommt, muss f\u00fcr seine Kleidung nicht zahlen, sondern kann diese gegen eine kleine Spende f\u00fcr Mietkosten ganz einfach mitnehmen. Und so geht&#8217;s: Interessierte werden gebeten, frisch gewaschene und tragbare Textilien mitzubringen, die andere wieder erfreuen. Im Gegenzug suchen Sie sich dann etwas Sch\u00f6nes aus dem Bestand aus.<\/p>\n<p>&#8220;Der Kleidertauschladen ist keine Altkleidersammlung \u2013 es geht um Spa\u00df und Freude an sch\u00f6nen, gebrauchten Klamotten und die Nachhaltigkeit ist uns sehr wichtig.&#8221;, sagt Verena, eine der ehrenamtlichen Helferinnen im Kleidertauschladen. \u201eDas Konsum auch anders geht, m\u00f6chten wir mit dem Kleidertauschen zeigen. Denn viele kaufen Kleidungsst\u00fccke aus qualit\u00e4tslosen Stoffen, die von unterbezahlten Arbeitskr\u00e4ften produziert wurden. Diese halten dann oft nur kurz, oder sie h\u00e4ngen dann, oft nur ein paar Mal getragen, neben den vielen anderen St\u00fccken im \u00fcberf\u00fcllten Kleiderschrank. Wir m\u00f6chten ein Zeichen setzen gegen Massenkonsum &#8211; Kleidertauschen statt Kleider kaufen.\u201c<\/p>\n<p>In der angrenzenden \u201eN\u00e4hbar\u201c geht es ebenso um Nachhaltigkeit und Ressourcenschonung und dabei steht das Wiederverwenden von Stoffen an erster Stelle. So stehen N\u00e4hmaschinen bereit, mit denen die Besucher ihre Kleidung flicken, umn\u00e4hen und versch\u00f6nern k\u00f6nnen. \u00d6ffnungszeiten: immer mittwochs von 16-18 Uhr und jeden letzten Sonntag im Monat von 13-16 Uhr. Kleidertauschladen &amp; N\u00e4hbar, Lindenstra\u00dfe 2, Fulda<\/p>\n","protected":false},"excerpt":{"rendered":"<div class=\"tmnf_excerpt\"><p>Der Verein YouRoPa Fulda e.V. zeigt mit seinem Tauschladen, wie ein konsumfreies und umweltfreundliches Leben m\u00f6glich ist. Der Raum im Geb\u00e4ude des Jugendwerks der AWO\/ L14zwo &#8211; Lindenstra\u00dfe 2, Fulda beginnt sich langsam zu f\u00fcllen. Die ersten Besucher tauschen sich \u00fcber die aufgeh\u00e4ngten und gestapelten Kleidungsst\u00fccke aus und probieren diese an. Doch was zun\u00e4chst wie &hellip;<\/p>\n<\/div>","protected":false},"author":1,"featured_media":0,"comment_status":"closed","ping_status":"closed","sticky":false,"template":"","format":"standard","meta":{"footnotes":""},"categories":[1],"tags":[],"class_list":["post-174286","post","type-post","status-publish","format-standard","hentry","category-startseite"],"_links":{"self":[{"href":"https:\/\/www.fuldaernachrichten.de\/index.php?rest_route=\/wp\/v2\/posts\/174286","targetHints":{"allow":["GET"]}}],"collection":[{"href":"https:\/\/www.fuldaernachrichten.de\/index.php?rest_route=\/wp\/v2\/posts"}],"about":[{"href":"https:\/\/www.fuldaernachrichten.de\/index.php?rest_route=\/wp\/v2\/types\/post"}],"author":[{"embeddable":true,"href":"https:\/\/www.fuldaernachrichten.de\/index.php?rest_route=\/wp\/v2\/users\/1"}],"replies":[{"embeddable":true,"href":"https:\/\/www.fuldaernachrichten.de\/index.php?rest_route=%2Fwp%2Fv2%2Fcomments&post=174286"}],"version-history":[{"count":1,"href":"https:\/\/www.fuldaernachrichten.de\/index.php?rest_route=\/wp\/v2\/posts\/174286\/revisions"}],"predecessor-version":[{"id":174287,"href":"https:\/\/www.fuldaernachrichten.de\/index.php?rest_route=\/wp\/v2\/posts\/174286\/revisions\/174287"}],"wp:attachment":[{"href":"https:\/\/www.fuldaernachrichten.de\/index.php?rest_route=%2Fwp%2Fv2%2Fmedia&parent=174286"}],"wp:term":[{"taxonomy":"category","embeddable":true,"href":"https:\/\/www.fuldaernachrichten.de\/index.php?rest_route=%2Fwp%2Fv2%2Fcategories&post=174286"},{"taxonomy":"post_tag","embeddable":true,"href":"https:\/\/www.fuldaernachrichten.de\/index.php?rest_route=%2Fwp%2Fv2%2Ftags&post=174286"}],"curies":[{"name":"wp","href":"https:\/\/api.w.org\/{rel}","templated":true}]}}