{"id":174275,"date":"2018-05-25T19:03:06","date_gmt":"2018-05-25T17:03:06","guid":{"rendered":"http:\/\/www.fuldaer-nachrichten.de\/?p=174275"},"modified":"2018-05-25T19:03:06","modified_gmt":"2018-05-25T17:03:06","slug":"fuldas-stadtpfarrkirche-2","status":"publish","type":"post","link":"https:\/\/www.fuldaernachrichten.de\/?p=174275","title":{"rendered":"Fuldas Stadtpfarrkirche"},"content":{"rendered":"<p>Eine F\u00fchrung durch die Stadtpfarrkirche veranstaltet die St\u00e4dtische Volkshochschule am Dienstag, 29.5.2018 um 14.30 Uhr. Karl-Heinz Herbst erl\u00e4utert die Kirche in ihrer Baugeschichte von der Gotik bis zur barocken Umgestaltung im 18. Jahrhundert. Auskunft und Anmeldung \u00fcber die vhs-Gesch\u00e4ftsstelle, Unterm Hl. Kreuz 1, Telefon 0661\/102-1477 oder -1474.<\/p>\n","protected":false},"excerpt":{"rendered":"<div class=\"tmnf_excerpt\"><p>Eine F\u00fchrung durch die Stadtpfarrkirche veranstaltet die St\u00e4dtische Volkshochschule am Dienstag, 29.5.2018 um 14.30 Uhr. Karl-Heinz Herbst erl\u00e4utert die Kirche in ihrer Baugeschichte von der Gotik bis zur barocken Umgestaltung im 18. Jahrhundert. Auskunft und Anmeldung \u00fcber die vhs-Gesch\u00e4ftsstelle, Unterm Hl. Kreuz 1, Telefon 0661\/102-1477 oder -1474.<\/p>\n<\/div>","protected":false},"author":1,"featured_media":0,"comment_status":"closed","ping_status":"closed","sticky":false,"template":"","format":"standard","meta":{"footnotes":""},"categories":[1],"tags":[],"class_list":["post-174275","post","type-post","status-publish","format-standard","hentry","category-startseite"],"_links":{"self":[{"href":"https:\/\/www.fuldaernachrichten.de\/index.php?rest_route=\/wp\/v2\/posts\/174275","targetHints":{"allow":["GET"]}}],"collection":[{"href":"https:\/\/www.fuldaernachrichten.de\/index.php?rest_route=\/wp\/v2\/posts"}],"about":[{"href":"https:\/\/www.fuldaernachrichten.de\/index.php?rest_route=\/wp\/v2\/types\/post"}],"author":[{"embeddable":true,"href":"https:\/\/www.fuldaernachrichten.de\/index.php?rest_route=\/wp\/v2\/users\/1"}],"replies":[{"embeddable":true,"href":"https:\/\/www.fuldaernachrichten.de\/index.php?rest_route=%2Fwp%2Fv2%2Fcomments&post=174275"}],"version-history":[{"count":1,"href":"https:\/\/www.fuldaernachrichten.de\/index.php?rest_route=\/wp\/v2\/posts\/174275\/revisions"}],"predecessor-version":[{"id":174276,"href":"https:\/\/www.fuldaernachrichten.de\/index.php?rest_route=\/wp\/v2\/posts\/174275\/revisions\/174276"}],"wp:attachment":[{"href":"https:\/\/www.fuldaernachrichten.de\/index.php?rest_route=%2Fwp%2Fv2%2Fmedia&parent=174275"}],"wp:term":[{"taxonomy":"category","embeddable":true,"href":"https:\/\/www.fuldaernachrichten.de\/index.php?rest_route=%2Fwp%2Fv2%2Fcategories&post=174275"},{"taxonomy":"post_tag","embeddable":true,"href":"https:\/\/www.fuldaernachrichten.de\/index.php?rest_route=%2Fwp%2Fv2%2Ftags&post=174275"}],"curies":[{"name":"wp","href":"https:\/\/api.w.org\/{rel}","templated":true}]}}