{"id":174271,"date":"2018-05-25T19:01:37","date_gmt":"2018-05-25T17:01:37","guid":{"rendered":"http:\/\/www.fuldaer-nachrichten.de\/?p=174271"},"modified":"2018-05-25T19:01:37","modified_gmt":"2018-05-25T17:01:37","slug":"frieden-geht-in-fulda","status":"publish","type":"post","link":"https:\/\/www.fuldaernachrichten.de\/?p=174271","title":{"rendered":"\u201eFrieden geht\u201c in Fulda"},"content":{"rendered":"<p>Bundesweiter Staffellauf gegen R\u00fcstungsexporte macht Station in Fulda<\/p>\n<p>Unter dem Motto \u201eFrieden geht\u201c startete am Montag, den 21.05.2018 in Oberndorf am Neckar der Staffellauf gegen R\u00fcstungsexporte. Nach gut 1100 Kilometern quer durch Deutschland endet dieser am 02.06.2018 in Berlin mit einer Abschlussdemonstration, nachdem in vielen deutschen St\u00e4dten, so zum Beispiel in Freiburg, Frankfurt und Jena Halt gemacht wurde. In Fulda wird der Staffellauf am Samstag, den 26.05.2018 aus Frankfurt kommend gegen 19 Uhr eintreffen. Anl\u00e4sslich des Staffeleinlaufs findet am Samstag ab 18 Uhr ein Friedensfest auf dem Bahnhofsvorplatz in Fulda statt. Zu diesem l\u00e4dt das Friedensb\u00fcndnis Osthessen gemeinsam mit den Unterst\u00fctzerorganisationen von \u201eFrieden geht\u201c in Fulda ein.<\/p>\n<p>\u201eFrieden geht!\u201c will ein deutlich sichtbares Zeichen gegen R\u00fcstungsexporte setzen. Menschen aus der Friedensbewegung, sowie Kirchen, Kulturschaffende, Sportlerinnen und Sportler zeigen, dass viele Menschen in unterschiedlichen Gesellschaftsbereichen R\u00fcstungsexporte ablehnen und damit gemeinsam Druck auf die Politik machen. Das Friedensfest am Samstag l\u00e4dt dazu ein, sich mit dem Thema R\u00fcstungsexporte auseinanderzusetzen und ein solidarisches Zeichen gegen R\u00fcstungsexporte zu setzen. Als Redner*innen werden Martin Uebalacker (attac Fulda), Dr. Ellen Weber und Max Weber (Frieden geht) auftreten. Die musikalische Begleitung\u00c2\u00a0erfolgt durch Broder Braum\u00fcller und das Frieden geht Kulturmobil.<\/p>\n<p>Am Sonntag, den 27.05.18, wird der Lauf um 07 Uhr auf dem Bahnhofsvorplatz in Fulda\u00c2\u00a0fortgesetzt. Das erste Teilst\u00fcck ist eine sogenannte \u201eGeh-Strecke\u201c, die von Fulda nach K\u00e4mmerzell f\u00fchrt. Zum Abschluss findet um ca. 09 Uhr in K\u00e4mmerzell ein Friedensgottesdienst an der Rochuskapelle statt. Eine Anmeldung und Teilnahme ist auch noch kurzfristig m\u00f6glich. Weitere Informationen zum Staffellauf unter: <a href=\"http:\/\/www.frieden-geht.de\/\">www.frieden-geht.de<\/a><\/p>\n","protected":false},"excerpt":{"rendered":"<div class=\"tmnf_excerpt\"><p>Bundesweiter Staffellauf gegen R\u00fcstungsexporte macht Station in Fulda Unter dem Motto \u201eFrieden geht\u201c startete am Montag, den 21.05.2018 in Oberndorf am Neckar der Staffellauf gegen R\u00fcstungsexporte. Nach gut 1100 Kilometern quer durch Deutschland endet dieser am 02.06.2018 in Berlin mit einer Abschlussdemonstration, nachdem in vielen deutschen St\u00e4dten, so zum Beispiel in Freiburg, Frankfurt und Jena &hellip;<\/p>\n<\/div>","protected":false},"author":1,"featured_media":0,"comment_status":"closed","ping_status":"closed","sticky":false,"template":"","format":"standard","meta":{"footnotes":""},"categories":[1],"tags":[],"class_list":["post-174271","post","type-post","status-publish","format-standard","hentry","category-startseite"],"_links":{"self":[{"href":"https:\/\/www.fuldaernachrichten.de\/index.php?rest_route=\/wp\/v2\/posts\/174271","targetHints":{"allow":["GET"]}}],"collection":[{"href":"https:\/\/www.fuldaernachrichten.de\/index.php?rest_route=\/wp\/v2\/posts"}],"about":[{"href":"https:\/\/www.fuldaernachrichten.de\/index.php?rest_route=\/wp\/v2\/types\/post"}],"author":[{"embeddable":true,"href":"https:\/\/www.fuldaernachrichten.de\/index.php?rest_route=\/wp\/v2\/users\/1"}],"replies":[{"embeddable":true,"href":"https:\/\/www.fuldaernachrichten.de\/index.php?rest_route=%2Fwp%2Fv2%2Fcomments&post=174271"}],"version-history":[{"count":1,"href":"https:\/\/www.fuldaernachrichten.de\/index.php?rest_route=\/wp\/v2\/posts\/174271\/revisions"}],"predecessor-version":[{"id":174272,"href":"https:\/\/www.fuldaernachrichten.de\/index.php?rest_route=\/wp\/v2\/posts\/174271\/revisions\/174272"}],"wp:attachment":[{"href":"https:\/\/www.fuldaernachrichten.de\/index.php?rest_route=%2Fwp%2Fv2%2Fmedia&parent=174271"}],"wp:term":[{"taxonomy":"category","embeddable":true,"href":"https:\/\/www.fuldaernachrichten.de\/index.php?rest_route=%2Fwp%2Fv2%2Fcategories&post=174271"},{"taxonomy":"post_tag","embeddable":true,"href":"https:\/\/www.fuldaernachrichten.de\/index.php?rest_route=%2Fwp%2Fv2%2Ftags&post=174271"}],"curies":[{"name":"wp","href":"https:\/\/api.w.org\/{rel}","templated":true}]}}