{"id":174262,"date":"2018-05-25T18:59:40","date_gmt":"2018-05-25T16:59:40","guid":{"rendered":"http:\/\/www.fuldaer-nachrichten.de\/?p=174262"},"modified":"2018-05-25T18:59:40","modified_gmt":"2018-05-25T16:59:40","slug":"alsfelder-gartentraeume-2018-einladung-zum-gartenspaziergang","status":"publish","type":"post","link":"https:\/\/www.fuldaernachrichten.de\/?p=174262","title":{"rendered":"Alsfelder Garten(t)r\u00e4ume 2018 &#8211; Einladung zum Gartenspaziergang"},"content":{"rendered":"<p align=\"left\"><span style=\"font-family: Verdana, Arial, Helvetica, sans-serif;\"><span style=\"font-size: small;\"><span><span style=\"color: #3d4e52;\">Der Obst- und Gartenbauverein 1895 Alsfeld l\u00e4dt herzlich zur 2. \u201eOffenen Gartent\u00fcr\u201c in Alsfeld und Umgebung am 10. Juni sowie am Wochenende 16.\/17. Juni\u00c2\u00a0ein. Au\u00dferdem zur Fuchsienbl\u00fcte am 29. Juli.<\/span><\/span><\/span><\/span><\/p>\n<p align=\"left\"><span style=\"font-family: Verdana, Arial, Helvetica, sans-serif;\"><span style=\"font-size: small;\"><span><span style=\"color: #3d4e52;\">Die offene Gartent\u00fcr unter dem Motto: Private Garten(t)r\u00e4ume bietet Gelegenheit Anregungen und neue Ideen f\u00fcr den eigenen Garten zu gewinnen und sich dabei mit den Gartenbesitzern auszutauschen und auch die ein- oder andere Anregung mit nach Hause zu nehmen. In einigen G\u00e4rten gibt es auch Kaffee &amp; Kuchen, einen Pflanzen und Deko-Flohmarkt, Mortors\u00e4gearbeiten und auch herzhaftes f\u00fcr das leibliche Wohl. Die Gartenbesuche sind kostenlos. Weitere Infos auch auf der Homepage unter <a href=\"https:\/\/deref-web-02.de\/mail\/client\/ONiGYd5V5bY\/dereferrer\/?redirectUrl=http%3A%2F%2Fwww.ogv-alsfeld.de%2F\" target=\"_blank\" rel=\"noopener\">www.ogv-alsfeld.de<\/a><\/span><\/span><\/span><\/span><\/p>\n<p>&nbsp;<\/p>\n<p><strong>Folgende Gartenbesitzer \u00f6ffnen ihre G\u00e4rten:\u00c2\u00a0\u00c2\u00a0<\/strong><\/p>\n<p>&nbsp;<\/p>\n<p><strong>Garten von Ursula Frank &amp; Hansdieter Sch\u00e4fer 36304 Alsfeld-Fischbach, Hofackerweg 5\u00c2\u00a0 \u00c2\u00a0 \u00c2\u00a0 \u00c2\u00a0 \u00c2\u00a0 \u00c2\u00a0 \u00c2\u00a0 \u00c2\u00a0 \u00c2\u00a0 \u00c2\u00a0 \u00c2\u00a0 \u00c2\u00a0 \u00c2\u00a0 \u00c2\u00a0 \u00c2\u00a0 \u00c2\u00a0 \u00c2\u00a0 \u00c2\u00a0 \u00c2\u00a0<\/strong><\/p>\n<p><strong> Ge\u00f6ffnet: Samstag, 16. Juni von 13\u201318 Uhr Sonntag, 17. Juni von 12\u201318 Uhr <\/strong><\/p>\n<p>Geflochtenes trifft auf Gr\u00fcn, Sandsteine erg\u00e4nzen sich mit Holzmaterialien, Wasserstrudel speisen Schmetterlinge und V\u00f6gel \u2013 ein nicht allt\u00e4glicher Garten mit Naturmaterialien wartet auf Besucher. F\u00fcr Kaffee und Kuchen ist gesorgt. Ein kleiner Pflanzenflohmarkt wird angeboten<\/p>\n<p>&nbsp;<\/p>\n<p><strong>Garten von Rita &amp; Peter Balada 36304 Alsfeld-Schwabenrod, Am Kleeberg 10\u00c2\u00a0 \u00c2\u00a0 \u00c2\u00a0 \u00c2\u00a0 \u00c2\u00a0 \u00c2\u00a0 \u00c2\u00a0 \u00c2\u00a0 \u00c2\u00a0 \u00c2\u00a0 \u00c2\u00a0 \u00c2\u00a0 \u00c2\u00a0 \u00c2\u00a0 \u00c2\u00a0 \u00c2\u00a0 \u00c2\u00a0 \u00c2\u00a0 \u00c2\u00a0 \u00c2\u00a0 \u00c2\u00a0 \u00c2\u00a0 \u00c2\u00a0 \u00c2\u00a0 \u00c2\u00a0 \u00c2\u00a0 \u00c2\u00a0 \u00c2\u00a0 <\/strong><\/p>\n<p><strong>Ge\u00f6ffnet: Sonntag, 17. Juni von 13\u201318 Uhr <\/strong><\/p>\n<p>L\u00e4ndlicher Rosengarten mit passenden Begleitpflanzen, aufgeteilt in Gartenbereiche. Gro\u00dfe Trauerweide als Blickpunkt und verschiedene Sitzbereiche. Kleiner Bachlauf und Rosen-Laube. Ein Garten- und DekoFlohmarkt im Vintage-Stil wird angeboten.<\/p>\n<p>&nbsp;<\/p>\n<p><strong>Garten von Thilo &amp; Petra Kr\u00fcger 36304 Alsfeld-Heidelbach, Am Breiten Weg 4\u00c2\u00a0 \u00c2\u00a0 \u00c2\u00a0 \u00c2\u00a0 \u00c2\u00a0 \u00c2\u00a0 \u00c2\u00a0 \u00c2\u00a0 \u00c2\u00a0 \u00c2\u00a0 \u00c2\u00a0 \u00c2\u00a0 \u00c2\u00a0 \u00c2\u00a0 \u00c2\u00a0 \u00c2\u00a0 \u00c2\u00a0 \u00c2\u00a0 \u00c2\u00a0 \u00c2\u00a0 \u00c2\u00a0 \u00c2\u00a0 \u00c2\u00a0 \u00c2\u00a0 \u00c2\u00a0 \u00c2\u00a0 \u00c2\u00a0 \u00c2\u00a0 <\/strong><\/p>\n<p><strong>Ge\u00f6ffnet: Sonntag, 17. Juni von 10\u201317 Uhr <\/strong><\/p>\n<p>Ziergarten mit Rosen und Stauden, Mini-Teich und verschiedenen Sitz- und Ruhepl\u00e4tzen, kleiner Nutzgarten mit Kr\u00e4uterspirale. Vorgarten in Hanglage.<\/p>\n<p>&nbsp;<\/p>\n<p><strong>Garten von J\u00f6rg Diebel 36304 Alsfeld-Hattendorf, Berfhof 4\u00c2\u00a0 \u00c2\u00a0 \u00c2\u00a0 \u00c2\u00a0 \u00c2\u00a0 \u00c2\u00a0 \u00c2\u00a0 \u00c2\u00a0 \u00c2\u00a0 \u00c2\u00a0 \u00c2\u00a0 \u00c2\u00a0 \u00c2\u00a0 \u00c2\u00a0 \u00c2\u00a0 \u00c2\u00a0 \u00c2\u00a0 \u00c2\u00a0 \u00c2\u00a0 \u00c2\u00a0 \u00c2\u00a0 \u00c2\u00a0 \u00c2\u00a0 \u00c2\u00a0 \u00c2\u00a0 \u00c2\u00a0 \u00c2\u00a0 \u00c2\u00a0 \u00c2\u00a0 \u00c2\u00a0 \u00c2\u00a0 \u00c2\u00a0 \u00c2\u00a0 \u00c2\u00a0 \u00c2\u00a0 \u00c2\u00a0 \u00c2\u00a0 \u00c2\u00a0 \u00c2\u00a0 \u00c2\u00a0 \u00c2\u00a0 \u00c2\u00a0 \u00c2\u00a0 <\/strong><\/p>\n<p><strong>Ge\u00f6ffnet: Sonntag, 17. Juni von 10\u201318 Uhr <\/strong><\/p>\n<p>Ein landschaftlich sch\u00f6n gelegener 3.000 qm gro\u00dfer naturnaher Garten, gepr\u00e4gt durch Natursteinmauern und Ruine, kombiniert mit Stauden und alten Rosen. Unser Bestreben war es durch Verwendung historischer Baumaterialien dem einstigen kleinb\u00e4uerlichen Anwesen gerecht zu werden. Ein Gem\u00fcsegarten mit gemauerten Hochbeeten und eine Pflanzenkl\u00e4ranlage komplettieren den Garten. Die Kunsthandwerkerin Ursula Diebel, die Ausgedientem \u201eneues Leben\u201c einhaucht und Motors\u00e4gek\u00fcnstler J\u00f6rg Uwe Praetz bieten ihre Objekte an. Inna Diebel vom \u201eBistrinna\u201c sorgt f\u00fcr das leibliche Wohl.<\/p>\n<p>&nbsp;<\/p>\n<h4>Garten von Ursula Merle 36304 Alsfeld, Am Liedenteich 5<\/h4>\n<h4>Ge\u00f6ffnet: Sonntag, 17. Juni von 13\u201318 Uhr<\/h4>\n<p>Ein Wohlf\u00fchlgarten mit viel Gr\u00fcn und Kunst-Skulpturen. Kleines Rosenbeet und Naschecke sowie ein Seerosenteich vervollst\u00e4ndigen den Garten<\/p>\n<p>&nbsp;<\/p>\n<p><strong>Garten von Wilhelm Klieboldt 36646 Grebenau, Alsfelder Warte 30\u00c2\u00a0 \u00c2\u00a0 \u00c2\u00a0 \u00c2\u00a0 \u00c2\u00a0 \u00c2\u00a0 \u00c2\u00a0 \u00c2\u00a0 \u00c2\u00a0 \u00c2\u00a0 \u00c2\u00a0 \u00c2\u00a0 \u00c2\u00a0 \u00c2\u00a0 \u00c2\u00a0 \u00c2\u00a0 \u00c2\u00a0 \u00c2\u00a0 \u00c2\u00a0 \u00c2\u00a0 \u00c2\u00a0 \u00c2\u00a0 \u00c2\u00a0 \u00c2\u00a0 \u00c2\u00a0 \u00c2\u00a0 \u00c2\u00a0 \u00c2\u00a0 \u00c2\u00a0 \u00c2\u00a0 \u00c2\u00a0 \u00c2\u00a0 \u00c2\u00a0 \u00c2\u00a0 \u00c2\u00a0 \u00c2\u00a0 \u00c2\u00a0<\/strong><\/p>\n<p><strong> Ge\u00f6ffnet: Sonntag, den 17. Juni von 10\u201318 Uhr <\/strong><\/p>\n<p>Park\u00e4hnlich angelegter Garten mit Pavillon und Gew\u00e4chshaus. Eine Br\u00fccke f\u00fchrt \u00fcber einen gro\u00dfen Teich. Blumen und B\u00e4ume sowie einige Sandsteinmauern erg\u00e4nzen die Gartenanlage. Kaffee &amp; Kuchen wird angeboten.<\/p>\n<p>&nbsp;<\/p>\n<p><strong>Garten Rudolf Bergmann 36341 Lauterbach-Wallenrod, Engerweg 20\u00c2\u00a0 \u00c2\u00a0 \u00c2\u00a0 \u00c2\u00a0 \u00c2\u00a0 \u00c2\u00a0 \u00c2\u00a0 \u00c2\u00a0 \u00c2\u00a0 \u00c2\u00a0 \u00c2\u00a0 \u00c2\u00a0 \u00c2\u00a0 \u00c2\u00a0 \u00c2\u00a0 \u00c2\u00a0 \u00c2\u00a0 \u00c2\u00a0 \u00c2\u00a0 \u00c2\u00a0 \u00c2\u00a0 \u00c2\u00a0 \u00c2\u00a0 \u00c2\u00a0 \u00c2\u00a0 \u00c2\u00a0 \u00c2\u00a0 \u00c2\u00a0 \u00c2\u00a0 \u00c2\u00a0 \u00c2\u00a0 \u00c2\u00a0 \u00c2\u00a0 \u00c2\u00a0 \u00c2\u00a0 <\/strong><\/p>\n<p><strong>Ge\u00f6ffnet: Sonntag, 10. Juni von 10\u201318 Uhr <\/strong><\/p>\n<p>Ein Rosenpark mit \u00fcber 390 Historischen Rosen der vergangenen Jahrhunderte. Zahlreiche Fundrosen aus Lauterbach und ganz Europa. Kleiner Gem\u00fcsegarten mit 20 verschiedenen alten Tomatensorten. <a href=\"http:\/\/www.roses.shoutwiki.com\/wiki\/Rosenpark_Wallenrod\" target=\"_blank\" rel=\"noopener\">www.roses.shoutwiki.com\/wiki\/Rosenpark_Wallenrod<\/a><\/p>\n<p>&nbsp;<\/p>\n<p><strong>Garten von Peter Michel &amp; Heidemarie Brzezina 36304 Alsfeld-Leusel, Birkenweg 16\u00c2\u00a0 \u00c2\u00a0 \u00c2\u00a0 \u00c2\u00a0 \u00c2\u00a0 \u00c2\u00a0 \u00c2\u00a0 \u00c2\u00a0 \u00c2\u00a0 \u00c2\u00a0 \u00c2\u00a0 \u00c2\u00a0 \u00c2\u00a0 \u00c2\u00a0 \u00c2\u00a0 \u00c2\u00a0 \u00c2\u00a0 \u00c2\u00a0 \u00c2\u00a0 \u00c2\u00a0 \u00c2\u00a0 \u00c2\u00a0<\/strong><\/p>\n<p><strong> Ge\u00f6ffnet: Sonntag, 29. Juli von 14\u201317 Uhr <\/strong><\/p>\n<p>Da der Schwerpunkt des Gartens auf der gro\u00dfen Vielfalt von Fuchsienpflanzen liegt, \u00f6ffnen wir zur Bl\u00fchsaison im August. Unser Garten ist ein Versuch, auf einem relativ kleinen Grundst\u00fcck eine Kombination aus Nutz- und Ziergarten zu realisieren. Mittelpunkt ist ein Sitz- und Ruheplatz unter einem eigens daf\u00fcr erzogenen Apfelbaum.<\/p>\n<p>&nbsp;<\/p>\n","protected":false},"excerpt":{"rendered":"<div class=\"tmnf_excerpt\"><p>Der Obst- und Gartenbauverein 1895 Alsfeld l\u00e4dt herzlich zur 2. \u201eOffenen Gartent\u00fcr\u201c in Alsfeld und Umgebung am 10. Juni sowie am Wochenende 16.\/17. Juni\u00c2\u00a0ein. Au\u00dferdem zur Fuchsienbl\u00fcte am 29. Juli. Die offene Gartent\u00fcr unter dem Motto: Private Garten(t)r\u00e4ume bietet Gelegenheit Anregungen und neue Ideen f\u00fcr den eigenen Garten zu gewinnen und sich dabei mit den &hellip;<\/p>\n<\/div>","protected":false},"author":1,"featured_media":174263,"comment_status":"closed","ping_status":"closed","sticky":false,"template":"","format":"standard","meta":{"footnotes":""},"categories":[1],"tags":[],"class_list":["post-174262","post","type-post","status-publish","format-standard","has-post-thumbnail","hentry","category-startseite"],"_links":{"self":[{"href":"https:\/\/www.fuldaernachrichten.de\/index.php?rest_route=\/wp\/v2\/posts\/174262","targetHints":{"allow":["GET"]}}],"collection":[{"href":"https:\/\/www.fuldaernachrichten.de\/index.php?rest_route=\/wp\/v2\/posts"}],"about":[{"href":"https:\/\/www.fuldaernachrichten.de\/index.php?rest_route=\/wp\/v2\/types\/post"}],"author":[{"embeddable":true,"href":"https:\/\/www.fuldaernachrichten.de\/index.php?rest_route=\/wp\/v2\/users\/1"}],"replies":[{"embeddable":true,"href":"https:\/\/www.fuldaernachrichten.de\/index.php?rest_route=%2Fwp%2Fv2%2Fcomments&post=174262"}],"version-history":[{"count":1,"href":"https:\/\/www.fuldaernachrichten.de\/index.php?rest_route=\/wp\/v2\/posts\/174262\/revisions"}],"predecessor-version":[{"id":174264,"href":"https:\/\/www.fuldaernachrichten.de\/index.php?rest_route=\/wp\/v2\/posts\/174262\/revisions\/174264"}],"wp:featuredmedia":[{"embeddable":true,"href":"https:\/\/www.fuldaernachrichten.de\/index.php?rest_route=\/wp\/v2\/media\/174263"}],"wp:attachment":[{"href":"https:\/\/www.fuldaernachrichten.de\/index.php?rest_route=%2Fwp%2Fv2%2Fmedia&parent=174262"}],"wp:term":[{"taxonomy":"category","embeddable":true,"href":"https:\/\/www.fuldaernachrichten.de\/index.php?rest_route=%2Fwp%2Fv2%2Fcategories&post=174262"},{"taxonomy":"post_tag","embeddable":true,"href":"https:\/\/www.fuldaernachrichten.de\/index.php?rest_route=%2Fwp%2Fv2%2Ftags&post=174262"}],"curies":[{"name":"wp","href":"https:\/\/api.w.org\/{rel}","templated":true}]}}