{"id":174256,"date":"2018-05-24T17:09:27","date_gmt":"2018-05-24T15:09:27","guid":{"rendered":"http:\/\/www.fuldaer-nachrichten.de\/?p=174256"},"modified":"2018-05-24T17:11:21","modified_gmt":"2018-05-24T15:11:21","slug":"grossplakat-zur-caritas-kampagne-2018-jeder-mensch-braucht-ein-zuhause","status":"publish","type":"post","link":"https:\/\/www.fuldaernachrichten.de\/?p=174256","title":{"rendered":"Gro\u00dfplakat zur Caritas-Kampagne 2018: Jeder Mensch braucht ein Zuhause"},"content":{"rendered":"<p><strong>Zur Caritas-Sommersammlung vom 25. Mai bis 3. Juni erinnert Caritas mit Gro\u00dfplakat an der Zentrale neben dem Dom in Fulda an ihre Jahreskampagne\u00c2\u00a0<\/strong><\/p>\n<p>In den kommenden Tagen wird von vielen Kirchengemeinden im hessischen Teil des Bistums Fulda eine Caritas-Sammlung \u2013 entweder durch Ehrenamtliche als klassische Haussammlung oder per Post durch \u00dcbersendung eines Flyers mit Infos \u00fcber die Sammlungsaktion \u2013 durchgef\u00fchrt. Diese Sommersammlung und eine zweite Sammlung im Sp\u00e4therbst helfen der Caritas, ihre Dienste f\u00fcr Menschen mit Hilfebedarf jederzeit vorzuhalten. Jeder Euro hilft dabei doppelt, denn der Spendenertrag wird geteilt zwischen den sammelnden Gemeinden f\u00fcr kleine Projekte vor Ort und der verbandlichen Caritas, die den Spendenertrag bistumsweit einsetzt.<\/p>\n<p>Parallel zu der Sammlungsaktion erinnert die Caritas mit einem Gro\u00dfplakat an ihrer Zentrale beim Fuldaer Dom an die Jahreskampagne \u201eJeder Mensch braucht ein Zuhause\u201c, denn in Deutschland wird es f\u00fcr immer mehr Menschen immer schwieriger, angemessenen Wohnraum zu finden. \u201eWohnen ist ein ganz sensibles und entscheidendes Problemfeld f\u00fcr unsere Gesellschaft geworden\u201c, unterstreicht Di\u00f6zesan-Caritasdirektor Dr. Markus Juch. \u201eViele sind von dieser Problematik betroffen: junge Familien, Rentner, Studenten, Alleinerziehende, Ausl\u00e4nder, Arbeitslose, aber auch Menschen mit ganz normalen, einfachen Berufen \u2013 sie alle sind quasi chancenlos auf dem Wohnungsmarkt, zudem sind viele Wohnungen f\u00fcr sie ohnehin einfach nicht mehr bezahlbar. Wohnen ist aber kein Luxus, sondern schlicht ein Menschenrecht!\u201c<\/p>\n<p>Das Gro\u00dfplakat soll \u2013 etwas ironisch \u2013 auf die bestehende Misere vieler Menschen in Bezug auf die Wohnraumsuche und hinweisen. Wer mehr \u00fcber die Caritas-Kampagne erfahren m\u00f6chte, wird im Internet unter <a href=\"http:\/\/www.zuhause-fuer-jeden.de\/\">www.zuhause-fuer-jeden.de<\/a> f\u00fcndig. Informationen zur Kampagne und zur Caritas-Sammlung gibt es auch beim Pressereferat der Caritas Fulda \u2013 Tel. 0661 \/ 2428-161, E-Mail <a href=\"mailto:oeffentlichkeitsarbeit@caritas-fulda.de\">oeffentlichkeitsarbeit@caritas-fulda.de<\/a>.<\/p>\n","protected":false},"excerpt":{"rendered":"<div class=\"tmnf_excerpt\"><p>Zur Caritas-Sommersammlung vom 25. Mai bis 3. Juni erinnert Caritas mit Gro\u00dfplakat an der Zentrale neben dem Dom in Fulda an ihre Jahreskampagne\u00c2\u00a0 In den kommenden Tagen wird von vielen Kirchengemeinden im hessischen Teil des Bistums Fulda eine Caritas-Sammlung \u2013 entweder durch Ehrenamtliche als klassische Haussammlung oder per Post durch \u00dcbersendung eines Flyers mit Infos &hellip;<\/p>\n<\/div>","protected":false},"author":1,"featured_media":0,"comment_status":"closed","ping_status":"closed","sticky":false,"template":"","format":"standard","meta":{"footnotes":""},"categories":[1],"tags":[],"class_list":["post-174256","post","type-post","status-publish","format-standard","hentry","category-startseite"],"_links":{"self":[{"href":"https:\/\/www.fuldaernachrichten.de\/index.php?rest_route=\/wp\/v2\/posts\/174256","targetHints":{"allow":["GET"]}}],"collection":[{"href":"https:\/\/www.fuldaernachrichten.de\/index.php?rest_route=\/wp\/v2\/posts"}],"about":[{"href":"https:\/\/www.fuldaernachrichten.de\/index.php?rest_route=\/wp\/v2\/types\/post"}],"author":[{"embeddable":true,"href":"https:\/\/www.fuldaernachrichten.de\/index.php?rest_route=\/wp\/v2\/users\/1"}],"replies":[{"embeddable":true,"href":"https:\/\/www.fuldaernachrichten.de\/index.php?rest_route=%2Fwp%2Fv2%2Fcomments&post=174256"}],"version-history":[{"count":1,"href":"https:\/\/www.fuldaernachrichten.de\/index.php?rest_route=\/wp\/v2\/posts\/174256\/revisions"}],"predecessor-version":[{"id":174257,"href":"https:\/\/www.fuldaernachrichten.de\/index.php?rest_route=\/wp\/v2\/posts\/174256\/revisions\/174257"}],"wp:attachment":[{"href":"https:\/\/www.fuldaernachrichten.de\/index.php?rest_route=%2Fwp%2Fv2%2Fmedia&parent=174256"}],"wp:term":[{"taxonomy":"category","embeddable":true,"href":"https:\/\/www.fuldaernachrichten.de\/index.php?rest_route=%2Fwp%2Fv2%2Fcategories&post=174256"},{"taxonomy":"post_tag","embeddable":true,"href":"https:\/\/www.fuldaernachrichten.de\/index.php?rest_route=%2Fwp%2Fv2%2Ftags&post=174256"}],"curies":[{"name":"wp","href":"https:\/\/api.w.org\/{rel}","templated":true}]}}