{"id":174244,"date":"2018-05-24T17:05:14","date_gmt":"2018-05-24T15:05:14","guid":{"rendered":"http:\/\/www.fuldaer-nachrichten.de\/?p=174244"},"modified":"2018-05-24T17:05:14","modified_gmt":"2018-05-24T15:05:14","slug":"ihk-informiert-existenzgruender-40","status":"publish","type":"post","link":"https:\/\/www.fuldaernachrichten.de\/?p=174244","title":{"rendered":"IHK informiert Existenzgr\u00fcnder"},"content":{"rendered":"<p>In einer kostenfreien Veranstaltung informiert die Industrie- und Handelskammer Fulda (IHK) am 5. Juni 2018 von 13.30 bis 16.30 Uhr in der Heinrichstra\u00dfe 8 rund um das Thema Existenzgr\u00fcndung.<br \/>\nDer Schritt in die Selbstst\u00e4ndigkeit ist mit Risiken verbunden, die durch eine gezielte Planung und Vorbereitung deutlich reduziert werden k\u00f6nnen. Je mehr Informationen Gr\u00fcndungswillige sammeln, desto einfacher und sicherer ist der Markteinstieg.<br \/>\nSind alle grundlegenden Fragen gekl\u00e4rt, ist es m\u00f6glich, den Markt realistisch einzusch\u00e4tzen und richtige Entscheidungen zu treffen.<\/p>\n<p>Anmeldung: Sabrina K\u00fcmmel-Naderer, Telefon 0661 284-15,<br \/>\nE-Mail: kuemmel-naderer@fulda.ihk.de,<br \/>\nwww.ihk-fulda.de, Dokumentennummer 128107003.<\/p>\n","protected":false},"excerpt":{"rendered":"<div class=\"tmnf_excerpt\"><p>In einer kostenfreien Veranstaltung informiert die Industrie- und Handelskammer Fulda (IHK) am 5. Juni 2018 von 13.30 bis 16.30 Uhr in der Heinrichstra\u00dfe 8 rund um das Thema Existenzgr\u00fcndung. Der Schritt in die Selbstst\u00e4ndigkeit ist mit Risiken verbunden, die durch eine gezielte Planung und Vorbereitung deutlich reduziert werden k\u00f6nnen. Je mehr Informationen Gr\u00fcndungswillige sammeln, desto &hellip;<\/p>\n<\/div>","protected":false},"author":1,"featured_media":0,"comment_status":"closed","ping_status":"closed","sticky":false,"template":"","format":"standard","meta":{"footnotes":""},"categories":[1],"tags":[],"class_list":["post-174244","post","type-post","status-publish","format-standard","hentry","category-startseite"],"_links":{"self":[{"href":"https:\/\/www.fuldaernachrichten.de\/index.php?rest_route=\/wp\/v2\/posts\/174244","targetHints":{"allow":["GET"]}}],"collection":[{"href":"https:\/\/www.fuldaernachrichten.de\/index.php?rest_route=\/wp\/v2\/posts"}],"about":[{"href":"https:\/\/www.fuldaernachrichten.de\/index.php?rest_route=\/wp\/v2\/types\/post"}],"author":[{"embeddable":true,"href":"https:\/\/www.fuldaernachrichten.de\/index.php?rest_route=\/wp\/v2\/users\/1"}],"replies":[{"embeddable":true,"href":"https:\/\/www.fuldaernachrichten.de\/index.php?rest_route=%2Fwp%2Fv2%2Fcomments&post=174244"}],"version-history":[{"count":1,"href":"https:\/\/www.fuldaernachrichten.de\/index.php?rest_route=\/wp\/v2\/posts\/174244\/revisions"}],"predecessor-version":[{"id":174245,"href":"https:\/\/www.fuldaernachrichten.de\/index.php?rest_route=\/wp\/v2\/posts\/174244\/revisions\/174245"}],"wp:attachment":[{"href":"https:\/\/www.fuldaernachrichten.de\/index.php?rest_route=%2Fwp%2Fv2%2Fmedia&parent=174244"}],"wp:term":[{"taxonomy":"category","embeddable":true,"href":"https:\/\/www.fuldaernachrichten.de\/index.php?rest_route=%2Fwp%2Fv2%2Fcategories&post=174244"},{"taxonomy":"post_tag","embeddable":true,"href":"https:\/\/www.fuldaernachrichten.de\/index.php?rest_route=%2Fwp%2Fv2%2Ftags&post=174244"}],"curies":[{"name":"wp","href":"https:\/\/api.w.org\/{rel}","templated":true}]}}